{"id":1082,"date":"2018-01-26T20:46:58","date_gmt":"2018-01-26T19:46:58","guid":{"rendered":"http:\/\/rallyecorse.com\/?p=1082"},"modified":"2020-10-03T21:17:19","modified_gmt":"2020-10-03T19:17:19","slug":"monte-carlo-wrc-2018","status":"publish","type":"post","link":"https:\/\/rallyecorse.com\/index.php\/2018\/01\/26\/monte-carlo-wrc-2018\/","title":{"rendered":"Monte-Carlo WRC 2018"},"content":{"rendered":"<p><strong>Retrouvez ici des photos et classements du 86e Rallye Monte-Carlo, \u00e9preuve inaugurale du championnat du monde WRC (la galerie compl\u00e8te est visible <a href=\"https:\/\/www.facebook.com\/media\/set\/?set=a.1757520547631415&amp;type=1&amp;l=e5953f8c40\">ici<\/a>)<\/strong><\/p>\n<p><strong>Pour suivre les temps du rallye en live, rendez-vous <a href=\"https:\/\/www.ewrc-results.com\/results\/42870-rallye-automobile-de-monte-carlo-2018\/?s=154123\" target=\"_blank\" rel=\"noopener noreferrer\">ici<\/a><\/strong><\/p>\n<p><span style=\"color: #ff0000;\"><strong>1\u00e8re Etape<\/strong><\/span><\/p>\n<p><strong><span style=\"color: #3366ff;\">ES 1<\/span> : Thoard &#8211; Sisteron (36,69 km) \/ <span style=\"color: #3366ff;\">21h43<\/span><\/strong><br \/>\n<strong><span style=\"color: #3366ff;\">ES 2<\/span> : Bayons &#8211; Br\u00e9ziers 1 (25,49 km) \/ <span style=\"color: #3366ff;\">22h51<\/span><br \/>\n<\/strong><\/p>\n<p><span style=\"color: #ff0000;\"><strong>2\u00e8me Etape<\/strong><\/span><\/p>\n<p><strong><span style=\"color: #3366ff;\">ES 3<\/span> : Vitrolles &#8211; Oze 1 (26,72 km) \/ <span style=\"color: #3366ff;\">8h51<\/span><\/strong><br \/>\n<strong><span style=\"color: #3366ff;\">ES 4<\/span> : Roussieux &#8211; Eygalayes 1 (30,54 km) \/ <span style=\"color: #3366ff;\">10h04<\/span><\/strong><br \/>\n<strong><span style=\"color: #3366ff;\">ES 5<\/span> : Vaumeilh &#8211; Claret 1 (15,18 km) \/ <span style=\"color: #3366ff;\">11h37<\/span><\/strong><br \/>\n<strong><span style=\"color: #3366ff;\">ES 6<\/span> : Vitrolles &#8211; Oze 2 (26,72 km) \/ <span style=\"color: #3366ff;\">13h58<\/span><\/strong><br \/>\n<strong><span style=\"color: #3366ff;\">ES 7<\/span> : Roussieux &#8211; Eygalayes 2 (30,54 km) \/ <span style=\"color: #3366ff;\">15h11<\/span><\/strong><br \/>\n<strong><span style=\"color: #3366ff;\">ES 8<\/span> : Vitrolles &#8211; Oze 2 (26,72 km) \/ <span style=\"color: #3366ff;\">16h44<\/span><br \/>\n<\/strong><\/p>\n<p><span style=\"color: #ff0000;\"><strong>3\u00e8me Etape<\/strong><\/span><\/p>\n<p><strong><span style=\"color: #3366ff;\">ES 9<\/span> : Agn\u00e8res en D\u00e9voluy \u2013 Corps 1 (29,16 km) \/<span style=\"color: #3366ff;\"> 8h08<\/span><\/strong><br \/>\n<strong><span style=\"color: #3366ff;\">ES 10<\/span> : St L\u00e9ger les M\u00e9l\u00e8zes \u2013 La B\u00e2tie Neuve 1 (16,87 km) \/ <span style=\"color: #3366ff;\">9h16<\/span><\/strong><br \/>\n<strong><span style=\"color: #3366ff;\">ES 11<\/span> : Agn\u00e8res en D\u00e9voluy \u2013 Corps 2 (29,16 km) \/<span style=\"color: #3366ff;\"> 11h57<\/span><\/strong><br \/>\n<strong><span style=\"color: #3366ff;\">ES 12<\/span> : St L\u00e9ger les M\u00e9l\u00e8zes \u2013 La B\u00e2tie Neuve 2 (16,87 km) \/ <span style=\"color: #3366ff;\">13h08<\/span><br \/>\n<span style=\"color: #3366ff;\">ES 13<\/span> : Bayons &#8211; Br\u00e9ziers 1 (25,49 km) \/ <span style=\"color: #3366ff;\">16h09<\/span><br \/>\n<\/strong><\/p>\n<p><span style=\"color: #ff0000;\"><strong>4\u00e8me Etape<\/strong><\/span><\/p>\n<p><strong><span style=\"color: #3366ff;\">ES 14<\/span> : La Boll\u00e8ne-Vesubie \u2013 Pe\u00efra Cava 1 (18,41 km) \/ <span style=\"color: #3366ff;\">8h32<\/span><\/strong><br \/>\n<strong><span style=\"color: #3366ff;\">ES 15<\/span> : La Cabanette \u2013 Col de Braus 1 (13,58 km) \/<span style=\"color: #3366ff;\"> 9h08<\/span><\/strong><br \/>\n<strong><span style=\"color: #3366ff;\">ES 16<\/span> : La Boll\u00e8ne-Vesubie \u2013 Pe\u00efra Cava 2 (18,41 km) \/<span style=\"color: #3366ff;\"> 10h55<\/span><\/strong><br \/>\n<strong><span style=\"color: #3366ff;\">ES 17<\/span> : La Cabanette \u2013 Col de Braus 2 (13,58 km) \/ <span style=\"color: #3366ff;\">12h18<\/span><br \/>\n<\/strong><\/p>\n<p>\u2014\u2014\u2014\u2014\u2014\u2014\u2014\u2014\u2014\u2014\u2014\u2014\u2014\u2014\u2014\u2014\u2014\u2014\u2014\u2014\u2014\u2014\u2014\u2014<\/p>\n<p><span style=\"color: #0000ff;\"><strong>Etape 1<\/strong><\/span><\/p>\n<p>1\u00b0\/ Ogier<br \/>\n2\u00b0\/ Mikkelsen + 17&Prime;3<br \/>\n3\u00b0\/ Sordo + 25&Prime;6<br \/>\n4\u00b0\/ Lappi + 37&Prime;4<br \/>\n5\u00b0\/ Tanak + 42&Prime;4<br \/>\n6\u00b0\/ Latvala + 55&Prime;4<br \/>\n7\u00b0\/ Breen + 1&rsquo;02&Prime;3<br \/>\n8\u00b0\/ Bouffier + 1&rsquo;51&Prime;0<br \/>\n9\u00b0\/ Meeke + 2&rsquo;12&Prime;7<br \/>\n10\u00b0\/ Camilli + 2&rsquo;42&Prime;2 (1er WRC-2)<\/p>\n<p>\u2014\u2014\u2014\u2014\u2014\u2014\u2014\u2014\u2014\u2014\u2014\u2014\u2014\u2014\u2014\u2014\u2014\u2014\u2014\u2014\u2014\u2014\u2014\u2014<\/p>\n<p><span style=\"color: #0000ff;\"><strong>Etape 2<\/strong><\/span><\/p>\n<p>ngg_shortcode_0_placeholder1\u00b0\/ Ogier<br \/>\n2\u00b0\/ Tanak + 14&Prime;9<br \/>\n3\u00b0\/ Sordo + 59&Prime;7<br \/>\n4\u00b0\/ Lappi + 1&rsquo;09&Prime;9<br \/>\n5\u00b0\/ Latvala + 1&rsquo;10&Prime;1<br \/>\n6\u00b0\/ Meeke + 2&rsquo;45&Prime;5<br \/>\n7\u00b0\/ Bouffier + 3&rsquo;34&Prime;6<br \/>\n8\u00b0\/ Evans + 4&rsquo;01&Prime;7<br \/>\n9\u00b0\/ Neuville + 4&rsquo;04&Prime;1<br \/>\n10\u00b0\/ Breen + 5&rsquo;06&Prime;6<\/p>\n<p>\u2014\u2014\u2014\u2014\u2014\u2014\u2014\u2014\u2014\u2014\u2014\u2014\u2014\u2014\u2014\u2014\u2014\u2014\u2014\u2014\u2014\u2014\u2014\u2014<\/p>\n<p><strong><span style=\"color: #0000ff;\">Etape 3<\/span><\/strong><\/p>\n<p>ngg_shortcode_1_placeholder1\u00b0\/ Ogier<br \/>\n2\u00b0\/ Tanak + 33&Prime;5<br \/>\n3\u00b0\/ Latvala +1&rsquo;32&Prime;7<br \/>\n4\u00b0\/ Lappi + 4&rsquo;38&Prime;5<br \/>\n5\u00b0\/ Meeke + 4&rsquo;40&Prime;1<br \/>\n6\u00b0\/ Evans + 5&rsquo;00&Prime;2<br \/>\n7\u00b0\/ Neuville + 5&rsquo;33&Prime;6<br \/>\n8\u00b0\/ Bouffier + 5&rsquo;43&Prime;4<br \/>\n9\u00b0\/ Breen + 8&rsquo;49&Prime;0<br \/>\n10\u00b0\/ Kopecky + 14&rsquo;04&Prime;4 (1er WRC-2)<\/p>\n<p>\u2014\u2014\u2014\u2014\u2014\u2014\u2014\u2014\u2014\u2014\u2014\u2014\u2014\u2014\u2014\u2014\u2014\u2014\u2014\u2014\u2014\u2014\u2014\u2014<\/p>\n<p><span style=\"color: #0000ff;\"><strong>Etape 4<\/strong><\/span><\/p>\n<p>ngg_shortcode_2_placeholder1\u00b0\/ Ogier<br \/>\n2\u00b0\/ Tanak + 58&Prime;3<br \/>\n3\u00b0\/ Latvala +1&rsquo;52&Prime;0<br \/>\n4\u00b0\/ Meeke + 4&rsquo;43&Prime;1<br \/>\n5\u00b0\/ Neuville + 4&rsquo;53&Prime;8<br \/>\n6\u00b0\/ Evans + 4&rsquo;54&Prime;8<br \/>\n7\u00b0\/ Lappi + 4&rsquo;57&Prime;5<br \/>\n8\u00b0\/ Bouffier + 7&rsquo;39&Prime;5<br \/>\n9\u00b0\/ Breen + 9&rsquo;06&Prime;7<br \/>\n10\u00b0\/ Kopecky + 16&rsquo;42&Prime;0 (1er WRC-2)<\/p>\n<p><strong>Une compilation de nos images avec notre ami SebDeRallye<\/strong><\/p>\n<p><iframe loading=\"lazy\" title=\"Monte  Carlo 2018\" width=\"1140\" height=\"641\" src=\"https:\/\/www.youtube.com\/embed\/1Dti14RLILY?feature=oembed\" frameborder=\"0\" allow=\"accelerometer; autoplay; clipboard-write; encrypted-media; gyroscope; picture-in-picture\" allowfullscreen><\/iframe><\/p>\n","protected":false},"excerpt":{"rendered":"<p>Retrouvez ici quelques photos du Rallye Monte-Carlo 2018<\/p>\n","protected":false},"author":2,"featured_media":1091,"comment_status":"closed","ping_status":"closed","sticky":false,"template":"","format":"standard","meta":{"ngg_post_thumbnail":0,"footnotes":""},"categories":[10,4],"tags":[],"class_list":["post-1082","post","type-post","status-publish","format-standard","has-post-thumbnail","hentry","category-10","category-news"],"_links":{"self":[{"href":"https:\/\/rallyecorse.com\/index.php\/wp-json\/wp\/v2\/posts\/1082","targetHints":{"allow":["GET"]}}],"collection":[{"href":"https:\/\/rallyecorse.com\/index.php\/wp-json\/wp\/v2\/posts"}],"about":[{"href":"https:\/\/rallyecorse.com\/index.php\/wp-json\/wp\/v2\/types\/post"}],"author":[{"embeddable":true,"href":"https:\/\/rallyecorse.com\/index.php\/wp-json\/wp\/v2\/users\/2"}],"replies":[{"embeddable":true,"href":"https:\/\/rallyecorse.com\/index.php\/wp-json\/wp\/v2\/comments?post=1082"}],"version-history":[{"count":13,"href":"https:\/\/rallyecorse.com\/index.php\/wp-json\/wp\/v2\/posts\/1082\/revisions"}],"predecessor-version":[{"id":5058,"href":"https:\/\/rallyecorse.com\/index.php\/wp-json\/wp\/v2\/posts\/1082\/revisions\/5058"}],"wp:featuredmedia":[{"embeddable":true,"href":"https:\/\/rallyecorse.com\/index.php\/wp-json\/wp\/v2\/media\/1091"}],"wp:attachment":[{"href":"https:\/\/rallyecorse.com\/index.php\/wp-json\/wp\/v2\/media?parent=1082"}],"wp:term":[{"taxonomy":"category","embeddable":true,"href":"https:\/\/rallyecorse.com\/index.php\/wp-json\/wp\/v2\/categories?post=1082"},{"taxonomy":"post_tag","embeddable":true,"href":"https:\/\/rallyecorse.com\/index.php\/wp-json\/wp\/v2\/tags?post=1082"}],"curies":[{"name":"wp","href":"https:\/\/api.w.org\/{rel}","templated":true}]}}