{"id":1465,"date":"2018-10-01T12:49:22","date_gmt":"2018-10-01T10:49:22","guid":{"rendered":"http:\/\/rallyecorse.com\/?p=1465"},"modified":"2020-10-04T13:18:59","modified_gmt":"2020-10-04T11:18:59","slug":"montee-historique-de-la-porta","status":"publish","type":"post","link":"https:\/\/rallyecorse.com\/index.php\/2018\/10\/01\/montee-historique-de-la-porta\/","title":{"rendered":"Mont\u00e9e Historique de La Porta 2018"},"content":{"rendered":"<p><strong>Retrouvez ci-dessous quelques photos de la 3e Mont\u00e9e Historique de La Porta, avec notamment la pr\u00e9sence de Didier Auriol, en pr\u00e9paration du Tour de Corse Historique<\/strong><\/p>\n<p><strong>La galerie compl\u00e8te est visible <a href=\"https:\/\/www.facebook.com\/media\/set\/?set=a.2058418790874921&amp;type=1&amp;l=fab7adc761\">ici<\/a><\/strong><\/p>\nngg_shortcode_0_placeholder\n","protected":false},"excerpt":{"rendered":"<p>Retrouvez ici quelques photos de la Mont\u00e9e Historique de La Porta 2018<\/p>\n","protected":false},"author":2,"featured_media":1469,"comment_status":"closed","ping_status":"closed","sticky":false,"template":"","format":"standard","meta":{"ngg_post_thumbnail":0,"footnotes":""},"categories":[10],"tags":[],"class_list":["post-1465","post","type-post","status-publish","format-standard","has-post-thumbnail","hentry","category-10"],"_links":{"self":[{"href":"https:\/\/rallyecorse.com\/index.php\/wp-json\/wp\/v2\/posts\/1465","targetHints":{"allow":["GET"]}}],"collection":[{"href":"https:\/\/rallyecorse.com\/index.php\/wp-json\/wp\/v2\/posts"}],"about":[{"href":"https:\/\/rallyecorse.com\/index.php\/wp-json\/wp\/v2\/types\/post"}],"author":[{"embeddable":true,"href":"https:\/\/rallyecorse.com\/index.php\/wp-json\/wp\/v2\/users\/2"}],"replies":[{"embeddable":true,"href":"https:\/\/rallyecorse.com\/index.php\/wp-json\/wp\/v2\/comments?post=1465"}],"version-history":[{"count":3,"href":"https:\/\/rallyecorse.com\/index.php\/wp-json\/wp\/v2\/posts\/1465\/revisions"}],"predecessor-version":[{"id":5526,"href":"https:\/\/rallyecorse.com\/index.php\/wp-json\/wp\/v2\/posts\/1465\/revisions\/5526"}],"wp:featuredmedia":[{"embeddable":true,"href":"https:\/\/rallyecorse.com\/index.php\/wp-json\/wp\/v2\/media\/1469"}],"wp:attachment":[{"href":"https:\/\/rallyecorse.com\/index.php\/wp-json\/wp\/v2\/media?parent=1465"}],"wp:term":[{"taxonomy":"category","embeddable":true,"href":"https:\/\/rallyecorse.com\/index.php\/wp-json\/wp\/v2\/categories?post=1465"},{"taxonomy":"post_tag","embeddable":true,"href":"https:\/\/rallyecorse.com\/index.php\/wp-json\/wp\/v2\/tags?post=1465"}],"curies":[{"name":"wp","href":"https:\/\/api.w.org\/{rel}","templated":true}]}}