{"id":2468,"date":"2019-03-02T22:15:25","date_gmt":"2019-03-02T21:15:25","guid":{"rendered":"http:\/\/rallyecorse.com\/?p=2468"},"modified":"2020-10-04T15:01:15","modified_gmt":"2020-10-04T13:01:15","slug":"nikolay-gryazin-en-test-pour-le-tour-de-corse","status":"publish","type":"post","link":"https:\/\/rallyecorse.com\/index.php\/2019\/03\/02\/nikolay-gryazin-en-test-pour-le-tour-de-corse\/","title":{"rendered":"Nikolay Gryazin en test pour le Tour de Corse !"},"content":{"rendered":"<p><strong>Apr\u00e8s Citro\u00ebn et la C3 R5 en d\u00e9but de semaine (avec Bonato, Rossel, et De Mevius), c&rsquo;\u00e9tait au tour de <span style=\"color: #0000ff;\">Nikolay Gryazin<\/span>, le jeune pilote russe, au volant de la Fabia R5 du team SRT de venir rouler sur l&rsquo;asphalte insulaire pendant 2 jours, en pr\u00e9paration du Tour de Corse.<\/strong><\/p>\n<p><strong>Peu connu de la sc\u00e8ne mondiale, le pilote ne manque pas d&rsquo;exp\u00e9rience sur la sc\u00e8ne europ\u00e9enne. Apr\u00e8s une premi\u00e8re participation remarqu\u00e9e au Valais 2015 (6e), les saisons 2016 (au volant d&rsquo;une 208 R2), et 2017 (au volant d&rsquo;une Fabia R5) furent contrast\u00e9es, avec une belle pointe de vitesse mais une irr\u00e9gularit\u00e9 dans les r\u00e9sultats.<\/strong><\/p>\n<p><strong>La saison 2018 f\u00fbt celle de la r\u00e9v\u00e9lation, avec notamment deux victoires au scratch, un titre honorifique de vice-champion d&rsquo;Europe, et vainqueur de la cat\u00e9gorie U28. En fin de saison il est venu sur les routes du championnat de France, aux C\u00e9vennes (abandon lors de la derni\u00e8re \u00e9tape alors qu&rsquo;il \u00e9tait en lutte pour une place sur le podium), et au Var (4e).<\/strong><\/p>\n<p><strong>Cette saison il s&rsquo;attaque au WRC-2, o\u00f9 il a d\u00e9but\u00e9 par une 5e place en Su\u00e8de. Son prochain rendez-vous sera donc le Tour de Corse.<br \/>\n<\/strong><\/p>\n<p><strong>Voici quelques photos de sa deuxi\u00e8me journ\u00e9e d&rsquo;essais<\/strong><\/p>\n<p>ngg_shortcode_0_placeholder<strong>La galerie compl\u00e8te est visible <a href=\"https:\/\/www.facebook.com\/media\/set\/?set=a.2280566701993461&amp;type=1&amp;l=a1994a9733\" target=\"_blank\" rel=\"noopener noreferrer\">ici<\/a><\/strong><\/p>\n","protected":false},"excerpt":{"rendered":"<p>Apr\u00e8s Citro\u00ebn en d\u00e9but de semaine, le jeune pilote russe \u00e9tait en essais pour le Tour de Corse<\/p>\n","protected":false},"author":2,"featured_media":2476,"comment_status":"closed","ping_status":"closed","sticky":false,"template":"","format":"standard","meta":{"ngg_post_thumbnail":0,"footnotes":""},"categories":[4],"tags":[],"class_list":["post-2468","post","type-post","status-publish","format-standard","has-post-thumbnail","hentry","category-news"],"_links":{"self":[{"href":"https:\/\/rallyecorse.com\/index.php\/wp-json\/wp\/v2\/posts\/2468","targetHints":{"allow":["GET"]}}],"collection":[{"href":"https:\/\/rallyecorse.com\/index.php\/wp-json\/wp\/v2\/posts"}],"about":[{"href":"https:\/\/rallyecorse.com\/index.php\/wp-json\/wp\/v2\/types\/post"}],"author":[{"embeddable":true,"href":"https:\/\/rallyecorse.com\/index.php\/wp-json\/wp\/v2\/users\/2"}],"replies":[{"embeddable":true,"href":"https:\/\/rallyecorse.com\/index.php\/wp-json\/wp\/v2\/comments?post=2468"}],"version-history":[{"count":5,"href":"https:\/\/rallyecorse.com\/index.php\/wp-json\/wp\/v2\/posts\/2468\/revisions"}],"predecessor-version":[{"id":5680,"href":"https:\/\/rallyecorse.com\/index.php\/wp-json\/wp\/v2\/posts\/2468\/revisions\/5680"}],"wp:featuredmedia":[{"embeddable":true,"href":"https:\/\/rallyecorse.com\/index.php\/wp-json\/wp\/v2\/media\/2476"}],"wp:attachment":[{"href":"https:\/\/rallyecorse.com\/index.php\/wp-json\/wp\/v2\/media?parent=2468"}],"wp:term":[{"taxonomy":"category","embeddable":true,"href":"https:\/\/rallyecorse.com\/index.php\/wp-json\/wp\/v2\/categories?post=2468"},{"taxonomy":"post_tag","embeddable":true,"href":"https:\/\/rallyecorse.com\/index.php\/wp-json\/wp\/v2\/tags?post=2468"}],"curies":[{"name":"wp","href":"https:\/\/api.w.org\/{rel}","templated":true}]}}