{"id":2506,"date":"2019-03-12T17:55:28","date_gmt":"2019-03-12T16:55:28","guid":{"rendered":"http:\/\/rallyecorse.com\/?p=2506"},"modified":"2019-11-28T16:48:39","modified_gmt":"2019-11-28T15:48:39","slug":"presentation-rallye-du-pays-ajaccien-2019","status":"publish","type":"post","link":"https:\/\/rallyecorse.com\/index.php\/2019\/03\/12\/presentation-rallye-du-pays-ajaccien-2019\/","title":{"rendered":"Pr\u00e9sentation &#8211; Rallye du Pays Ajaccien 2019"},"content":{"rendered":"<p><strong>&nbsp;S&rsquo;il n&rsquo;est pas le premier rallye de l&rsquo;ann\u00e9e, le 7e Rallye du Pays Ajaccien sera en revanche la premi\u00e8re \u00e9preuve comptant pour le championnat corse des rallyes cette saison dans la cat\u00e9gorie \u00ab\u00a0Moderne\u00a0\u00bb.<\/strong><\/p>\n<p><strong>Epreuve lanc\u00e9e en 2010, puis relanc\u00e9e en 2014, le Rallye du Pays Ajaccien s&rsquo;est r\u00e9guli\u00e8rement renouvel\u00e9 dans son parcours.<\/strong><\/p>\n<p><strong>Cette ann\u00e9e au programme nous aurons 2 sp\u00e9ciales de nuit le Vendredi, puis 6 sp\u00e9ciales le Samedi (3 sp\u00e9ciales parcourues deux fois chacune), et enfin 3 sp\u00e9ciales le Dimanche. Pour la deuxi\u00e8me ann\u00e9e cons\u00e9cutive, et afin de se rapprocher du centre ville, une sp\u00e9ciale tr\u00e8s courte est disput\u00e9e en plein centre d&rsquo;Ajaccio pour cl\u00f4turer le rallye. L&rsquo;arriv\u00e9e finale se fera encore une fois sur la Place du Diamant, o\u00f9 passionn\u00e9s et simples curieux se m\u00e9langeront afin de f\u00e9liciter tous les \u00e9quipages terminant se rallye.<br \/>\n<\/strong><\/p>\n<p><strong>Avec 78 engag\u00e9s en \u00ab\u00a0Moderne\u00a0\u00bb, le rallye affichera un beau plateau avec en t\u00eate de liste Paul-Antoine Santoni, triple vainqueur en 2015, 2016, et 2018. Egalement sur le podium lors des \u00e9ditions 2010 et 2014, le pilote ajaccien aura \u00e0 coeur de remporter une nouvelle fois ce rallye. Face \u00e0 lui il n&rsquo;y aura pas moins de 6 R5 pour tenter de lui barrer la route, et en premier Jean-Matthieu Leandri.<\/strong><\/p>\n<p><strong>Voici le d\u00e9tail des cat\u00e9gories :<\/strong><\/p>\n<p><strong>\u2013 25 en Groupe R (1 R1 \/ 13 R2 \/ 3 R3 \/ 1 R4 \/ 7 R5)<br \/>\n\u2013 22 en Groupe F2000 (4 F2000-12 \/ 6 F2000-13\/ 12 F2000-14)<br \/>\n\u2013 19 en Groupe A (3 A7 \/ 2 A6 \/ 13 A6K \/ 1 A8)<br \/>\n\u2013 10 en Groupe N (1 N1 \/ 2 N2 \/ 6 N3 \/ 1 N4)<br \/>\n\u2013 2 en Groupe GT (1 GT9 \/ 1 GT10)<br \/>\n<\/strong><\/p>\n<p><strong>Du c\u00f4t\u00e9 des VHC ils seront 14 engag\u00e9s, mais aucun des vainqueurs des \u00e9ditions pr\u00e9c\u00e9dentes ne sera pr\u00e9sent, ce qui nous donnera l&rsquo;occasion d&rsquo;avoir un nouveau laur\u00e9at.<\/strong><\/p>\n<p><strong>&nbsp;En VHRS ils seront 10 engag\u00e9s, dans une comp\u00e9tition plus confidentielle, mais tout aussi disput\u00e9e. Une discipline o\u00f9 la vitesse pure n&rsquo;est pas le maitre mot, puisqu&rsquo;il s&rsquo;agit de tenir une vitesse moyenne, ce qui demande une gestion de tous les instants.<\/strong><\/p>\n<p><strong>\u2014\u2014\u2014\u2014\u2014\u2014\u2014\u2014\u2014\u2014\u2014\u2014\u2014\u2014\u2014\u2014\u2014\u2014\u2014\u2014\u2014\u2014<\/strong><\/p>\n<p><strong><span style=\"color: #ff0000;\">Etape 1<\/span> \u2013 Vendredi 15 Mars<\/strong><\/p>\n<p><strong><span style=\"color: #0000ff;\">ES 1<\/span> : Capo (9,22 km) \/ <span style=\"color: #0000ff;\">20h15<\/span><\/strong><br \/>\n<strong><span style=\"color: #0000ff;\">ES 2<\/span> : Alata (5,00 km) \/ <span style=\"color: #0000ff;\">20h56<\/span><\/strong><\/p>\n<p><strong><span style=\"color: #ff0000;\">Etape 2<\/span> \u2013 Samedi 16 Mars<br \/>\n<\/strong><\/p>\n<p><strong><span style=\"color: #0000ff;\">ES 3<\/span> : Marsorchia (6,20 km) \/ <span style=\"color: #0000ff;\">9h03<\/span><\/strong><br \/>\n<strong><span style=\"color: #0000ff;\">ES 4<\/span> : Truggia &#8211; Vico (14,78 km) \/ <span style=\"color: #0000ff;\">9h46<\/span><\/strong><br \/>\n<strong><span style=\"color: #0000ff;\">ES 5<\/span> : Appricciani (13,80 km) \/ <span style=\"color: #0000ff;\">10h24<\/span><\/strong><br \/>\n<strong><span style=\"color: #0000ff;\">ES 6<\/span> : Marsorchia (6,20 km) \/ <span style=\"color: #0000ff;\">12h27<\/span><\/strong><br \/>\n<strong><span style=\"color: #0000ff;\">ES 7<\/span> : Truggia &#8211; Vico (14,78 km) \/ <span style=\"color: #0000ff;\">13h10<\/span><\/strong><br \/>\n<strong><span style=\"color: #0000ff;\">ES 8<\/span> : Appricciani (13,80 km) \/ <span style=\"color: #0000ff;\">13h48<\/span><br \/>\n<\/strong><\/p>\n<p><strong><span style=\"color: #ff0000;\">Etape 3<\/span> \u2013 Dimanche 17 Mars <\/strong><\/p>\n<p><strong><span style=\"color: #0000ff;\">ES 9<\/span> : Celavo &#8211; Mezzana (10,89 km) \/ <span style=\"color: #0000ff;\">10h58<\/span><\/strong><br \/>\n<strong><span style=\"color: #0000ff;\">ES 10<\/span> : Cuttoli &#8211; Peri (13,30 km) \/ <span style=\"color: #0000ff;\">11h36<\/span><\/strong><br \/>\n<strong><span style=\"color: #0000ff;\">ES 11<\/span> : Ville d&rsquo;Ajaccio (0,75 km) \/ <span style=\"color: #0000ff;\">12h39<\/span><\/strong><\/p>\n<p><a href=\"http:\/\/www.asa.corsica\/ajaccio-2019\/cartes\/paese-aiaccinu-cartes-generale.pdf\" target=\"_blank\" rel=\"noopener noreferrer\"><strong>Carte g\u00e9n\u00e9rale du rallye<\/strong><\/a><\/p>\n<p><strong>Suivez les temps du rallye en direct sur le site eWrc :<\/strong><\/p>\n<p><a href=\"https:\/\/www.ewrc-results.com\/results\/57358-rallye-national-di-u-paese-aiaccinu-2019\/\" target=\"_blank\" rel=\"noopener noreferrer\"><strong>Direct<\/strong><\/a><\/p>\n<p><strong>\u2014\u2014\u2014\u2014\u2014\u2014\u2014\u2014\u2014\u2014\u2014\u2014\u2014\u2014\u2014\u2014\u2014\u2014\u2014\u2014\u2014\u2014<\/strong><\/p>\n<p><strong><a href=\"https:\/\/www.facebook.com\/download\/672200339877862\/liste%20numerot%C3%A9%C3%A9%20Aiacciu%202019.pdf?hash=AcoiY32843nNE2B1\" target=\"_blank\" rel=\"noopener noreferrer\">Liste des engag\u00e9s<\/a><br \/>\n<\/strong><\/p>\n<p><a href=\"https:\/\/www.facebook.com\/download\/2091817770914347\/liste%20numerot%C3%A9e%202019%20VHC%201.pdf?hash=AcqeFkkOsx3fCFwX\" target=\"_blank\" rel=\"noopener noreferrer\"><strong>Liste des engag\u00e9s VHC<\/strong><\/a><\/p>\n<p><a href=\"https:\/\/www.facebook.com\/download\/1062494087279539\/liste%20numerot%C3%A9e%202019%20VHRS.pdf?hash=Acq4smuuXqhjJiyh\" target=\"_blank\" rel=\"noopener noreferrer\"><strong>Liste des engag\u00e9s VHRS<\/strong><\/a><\/p>\n<p><strong>\u2014\u2014\u2014\u2014\u2014\u2014\u2014\u2014\u2014\u2014\u2014\u2014\u2014\u2014\u2014\u2014\u2014\u2014\u2014\u2014\u2014\u2014<\/strong><\/p>\n<p><strong><span style=\"color: #ff0000;\">Palmar\u00e8s<\/span> :<\/strong><\/p>\n<p><strong><span style=\"color: #0000ff;\">Moderne<\/span> :<\/strong><br \/>\n<strong>2018 : Santoni \/ Leandri \/ Gordon<\/strong><br \/>\n<strong>2017 : Rossel \/ Gordon \/ Scandola<\/strong><br \/>\n<strong>2016 : Santoni \/ Andreucci \/ Leandri<\/strong><br \/>\n<strong>2015 : Santoni \/ Aguzzi \/ Leandri<br \/>\n2014 : Alerini \/ Santoni \/ Lions<br \/>\n2010 : Guglielmi \/ Santoni \/ Papi<br \/>\n<\/strong><\/p>\n<p><strong><span style=\"color: #0000ff;\">VHC<\/span> :<\/strong><br \/>\n<strong>2018 : Marcelli \/ Torre \/ Martinetti<\/strong><br \/>\n<strong>2017 : Agostini \/ Rouveiroli \/ Lafay<\/strong><br \/>\n<strong>2016 : Martini JP \/ Rouveiroli \/ Casabianca<\/strong><br \/>\n<strong>2015 : Martini JP \/ D&rsquo;Amore D \/ Peretti<br \/>\n2014 : De Gentili \/ Baldi \/ Pastinelli<br \/>\n<\/strong><\/p>\n","protected":false},"excerpt":{"rendered":"<p>&nbsp;S&rsquo;il n&rsquo;est pas le premier rallye de l&rsquo;ann\u00e9e, le 7e Rallye du Pays Ajaccien sera en revanche la premi\u00e8re \u00e9preuve&hellip; <a class=\"read-more\" href=\"https:\/\/rallyecorse.com\/index.php\/2019\/03\/12\/presentation-rallye-du-pays-ajaccien-2019\/\">Continuer la lecture<\/a><\/p>\n","protected":false},"author":2,"featured_media":2766,"comment_status":"closed","ping_status":"closed","sticky":false,"template":"","format":"standard","meta":{"ngg_post_thumbnail":0,"footnotes":""},"categories":[4,14],"tags":[],"class_list":["post-2506","post","type-post","status-publish","format-standard","has-post-thumbnail","hentry","category-news","category-presentations-rallyes"],"_links":{"self":[{"href":"https:\/\/rallyecorse.com\/index.php\/wp-json\/wp\/v2\/posts\/2506","targetHints":{"allow":["GET"]}}],"collection":[{"href":"https:\/\/rallyecorse.com\/index.php\/wp-json\/wp\/v2\/posts"}],"about":[{"href":"https:\/\/rallyecorse.com\/index.php\/wp-json\/wp\/v2\/types\/post"}],"author":[{"embeddable":true,"href":"https:\/\/rallyecorse.com\/index.php\/wp-json\/wp\/v2\/users\/2"}],"replies":[{"embeddable":true,"href":"https:\/\/rallyecorse.com\/index.php\/wp-json\/wp\/v2\/comments?post=2506"}],"version-history":[{"count":13,"href":"https:\/\/rallyecorse.com\/index.php\/wp-json\/wp\/v2\/posts\/2506\/revisions"}],"predecessor-version":[{"id":2767,"href":"https:\/\/rallyecorse.com\/index.php\/wp-json\/wp\/v2\/posts\/2506\/revisions\/2767"}],"wp:featuredmedia":[{"embeddable":true,"href":"https:\/\/rallyecorse.com\/index.php\/wp-json\/wp\/v2\/media\/2766"}],"wp:attachment":[{"href":"https:\/\/rallyecorse.com\/index.php\/wp-json\/wp\/v2\/media?parent=2506"}],"wp:term":[{"taxonomy":"category","embeddable":true,"href":"https:\/\/rallyecorse.com\/index.php\/wp-json\/wp\/v2\/categories?post=2506"},{"taxonomy":"post_tag","embeddable":true,"href":"https:\/\/rallyecorse.com\/index.php\/wp-json\/wp\/v2\/tags?post=2506"}],"curies":[{"name":"wp","href":"https:\/\/api.w.org\/{rel}","templated":true}]}}