{"id":2526,"date":"2019-03-13T22:06:05","date_gmt":"2019-03-13T21:06:05","guid":{"rendered":"http:\/\/rallyecorse.com\/?p=2526"},"modified":"2020-10-04T15:24:30","modified_gmt":"2020-10-04T13:24:30","slug":"essais-citroen-tour-de-corse-wrc-2019","status":"publish","type":"post","link":"https:\/\/rallyecorse.com\/index.php\/2019\/03\/13\/essais-citroen-tour-de-corse-wrc-2019\/","title":{"rendered":"Essais Citro\u00ebn \/ Tour de Corse WRC 2019"},"content":{"rendered":"<p><strong>Alors que le rallye du Mexique vient tout juste de se terminer, avec une victoire de S\u00e9bastien Ogier, l&rsquo;\u00e9quipe Citro\u00ebn enchaine d\u00e9j\u00e0 avec ses essais pour le Tour de Corse qui aura lieu dans deux semaines.<\/strong><\/p>\n<p><strong>C&rsquo;est le finlandais<span style=\"color: #0000ff;\"> Esapekka Lappi<\/span> qui a ouvert le bal ce Mercredi. Encore en recherche de rep\u00e8res avec l&rsquo;auto, et notamment sur l&rsquo;asphalte, il a multipli\u00e9 les aller-retour. Avec une \u00e9quipe fran\u00e7aise tr\u00e8s exp\u00e9riment\u00e9e sur cette surface, et un \u00e9quipier multiple champion du monde, il aura tous les \u00e9l\u00e9ments pour voir ses performances s&rsquo;am\u00e9liorer&#8230; et vu la capacit\u00e9 d&rsquo;adaptation de ce pilote (il s&rsquo;est class\u00e9 5e du championnat du monde 2018, au terme de sa premi\u00e8re saison compl\u00e8te dans un team d&rsquo;usine), il pourrait \u00eatre parmi les surprises sur ce rallye.<\/strong><\/p>\n<p><strong>Voici un petit montage vid\u00e9o gr\u00e2ce \u00e0 notre ami SebDeRallye<\/strong><\/p>\n<p><iframe loading=\"lazy\" title=\"tests  esapekka  LAPPI  pour le tour de corse 2019\" width=\"1140\" height=\"641\" src=\"https:\/\/www.youtube.com\/embed\/XP37HlcogI8?feature=oembed\" frameborder=\"0\" allow=\"accelerometer; autoplay; clipboard-write; encrypted-media; gyroscope; picture-in-picture\" allowfullscreen><\/iframe><\/p>\n<p>&#8212;&#8212;&#8212;&#8212;&#8212;&#8212;&#8212;&#8212;&#8212;&#8212;&#8212;&#8212;-<\/p>\n<p><strong>Apr\u00e8s deux jours avec Lappi, ce fut au tour de <span style=\"color: #0000ff;\">S\u00e9bastien Ogier<\/span> de prendre le relais ce Vendredi.<\/strong><\/p>\n<p><strong>Le fran\u00e7ais a multipli\u00e9 les runs, et le public \u00e9tait au rendez-vous, la presse r\u00e9gionale et nationale \u00e9galement (tournage du reportage pour l&rsquo;\u00e9mission \u00ab\u00a0Tout le sport\u00a0\u00bb).<\/strong><\/p>\n<p><strong>Avec deux victoires en trois courses cette ann\u00e9e, le gapen\u00e7ais a rapidement confirm\u00e9 la niveau de comp\u00e9titivit\u00e9 de la C3 WRC&#8230; et \u00e0 la vue de ses passages du jour il ne fait aucun doute sur l&rsquo;objectif&nbsp; qu&rsquo;il aura dans deux semaines !<br><\/strong><\/p>\nngg_shortcode_0_placeholder\n<p><strong>La galerie compl\u00e8te est visible <a href=\"https:\/\/www.facebook.com\/615365628513585\/photos\/?tab=album&amp;album_id=2298849166831881\" target=\"_blank\" rel=\"noopener noreferrer\">ici<\/a><\/strong><\/p>\n<p><strong>La vid\u00e9o de notre ami SebDeRallye<\/strong><\/p>\n<p><iframe loading=\"lazy\" title=\"tests sebastien OGIER et julien INGRASSIA  pour le tour de corse 2019\" width=\"1140\" height=\"641\" src=\"https:\/\/www.youtube.com\/embed\/dP14WilQGNY?feature=oembed\" frameborder=\"0\" allow=\"accelerometer; autoplay; clipboard-write; encrypted-media; gyroscope; picture-in-picture\" allowfullscreen><\/iframe><\/p>\n\n\n<p><\/p>\n","protected":false},"excerpt":{"rendered":"<p>Alors que le rallye du Mexique vient tout juste de se terminer, avec une victoire de S\u00e9bastien Ogier, l&rsquo;\u00e9quipe Citro\u00ebn&hellip; <a class=\"read-more\" href=\"https:\/\/rallyecorse.com\/index.php\/2019\/03\/13\/essais-citroen-tour-de-corse-wrc-2019\/\">Continuer la lecture<\/a><\/p>\n","protected":false},"author":2,"featured_media":2550,"comment_status":"closed","ping_status":"closed","sticky":false,"template":"","format":"standard","meta":{"ngg_post_thumbnail":0,"footnotes":""},"categories":[11,4],"tags":[],"class_list":["post-2526","post","type-post","status-publish","format-standard","has-post-thumbnail","hentry","category-11","category-news"],"_links":{"self":[{"href":"https:\/\/rallyecorse.com\/index.php\/wp-json\/wp\/v2\/posts\/2526","targetHints":{"allow":["GET"]}}],"collection":[{"href":"https:\/\/rallyecorse.com\/index.php\/wp-json\/wp\/v2\/posts"}],"about":[{"href":"https:\/\/rallyecorse.com\/index.php\/wp-json\/wp\/v2\/types\/post"}],"author":[{"embeddable":true,"href":"https:\/\/rallyecorse.com\/index.php\/wp-json\/wp\/v2\/users\/2"}],"replies":[{"embeddable":true,"href":"https:\/\/rallyecorse.com\/index.php\/wp-json\/wp\/v2\/comments?post=2526"}],"version-history":[{"count":8,"href":"https:\/\/rallyecorse.com\/index.php\/wp-json\/wp\/v2\/posts\/2526\/revisions"}],"predecessor-version":[{"id":5698,"href":"https:\/\/rallyecorse.com\/index.php\/wp-json\/wp\/v2\/posts\/2526\/revisions\/5698"}],"wp:featuredmedia":[{"embeddable":true,"href":"https:\/\/rallyecorse.com\/index.php\/wp-json\/wp\/v2\/media\/2550"}],"wp:attachment":[{"href":"https:\/\/rallyecorse.com\/index.php\/wp-json\/wp\/v2\/media?parent=2526"}],"wp:term":[{"taxonomy":"category","embeddable":true,"href":"https:\/\/rallyecorse.com\/index.php\/wp-json\/wp\/v2\/categories?post=2526"},{"taxonomy":"post_tag","embeddable":true,"href":"https:\/\/rallyecorse.com\/index.php\/wp-json\/wp\/v2\/tags?post=2526"}],"curies":[{"name":"wp","href":"https:\/\/api.w.org\/{rel}","templated":true}]}}