{"id":2710,"date":"2019-04-19T19:35:01","date_gmt":"2019-04-19T17:35:01","guid":{"rendered":"http:\/\/rallyecorse.com\/?p=2710"},"modified":"2019-11-28T16:48:06","modified_gmt":"2019-11-28T15:48:06","slug":"presentation-rallye-de-costa-serena-2019","status":"publish","type":"post","link":"https:\/\/rallyecorse.com\/index.php\/2019\/04\/19\/presentation-rallye-de-costa-serena-2019\/","title":{"rendered":"Pr\u00e9sentation &#8211; Rallye de Costa Serena 2019"},"content":{"rendered":"<p><strong>Apr\u00e8s le Rallye de Porto-Vecchio, qui s&rsquo;est d\u00e9roul\u00e9 mi-F\u00e9vrier, le Rallye de Costa Serena est la seconde \u00e9preuve organis\u00e9e par l&rsquo;ASA Terre de Corse cette saison.<br \/><\/strong><\/p>\n<p><strong>Si le rallye en est \u00e0 sa 18e \u00e9dition concernant les \u00ab\u00a0Modernes\u00a0\u00bb, ce n&rsquo;est en revanche que la 7e \u00e9dition pour les VHC (pas de VHRS sur ce rallye pour l&rsquo;instant).<br \/><\/strong><\/p>\n<p><strong>Organis\u00e9 depuis 2002, suite \u00e0 l&rsquo;arr\u00eat du Terre de Corse en 2001, ce rallye a la particularit\u00e9 d&rsquo;\u00eatre \u00e0 cheval sur les deux d\u00e9partements de l&rsquo;\u00eele, puisqu&rsquo;il se d\u00e9roule entre Ghisonaccia et Solenzara. A noter que la premi\u00e8re \u00e9dition f\u00fbt remport\u00e9e par Jean-Michel Pietri.<br \/><\/strong><\/p>\n<p><strong>Au niveau du parcours cette ann\u00e9e il n&rsquo;y a pas de changements par rapport \u00e0 l&rsquo;\u00e9dition 2018. Le samedi nous retrouverons donc la classique sp\u00e9ciale de Ventiseri (raccourcie compar\u00e9 \u00e0 ce qu&rsquo;elle \u00e9tait il y a quelques ann\u00e9es), puis la sp\u00e9ciale de Pinellu (au programme depuis 2016) ; chacune sera \u00e0 parcourir deux fois. Le Dimanche les deux sp\u00e9ciales s&rsquo;enchainent l&rsquo;une apr\u00e8s l&rsquo;autre, puisque l&rsquo;arriv\u00e9e de la premi\u00e8re sp\u00e9ciale de la journ\u00e9e qui part de Maison Pieraggi arrive \u00e0 Lugu di Nazza&#8230; d&rsquo;o\u00f9 part la seconde sp\u00e9ciale du jour ! L\u00e0 encore chacune des deux sp\u00e9ciales sera \u00e0 parcourir \u00e0 deux reprises.<br \/><\/strong><\/p>\n<p><strong>Avec 80 \u00e9quipages engag\u00e9s en \u00ab\u00a0Moderne\u00a0\u00bb la f\u00eate s&rsquo;annonce belle, et la bagarre pour la gagne tr\u00e8s ouverte. En effet, aucun des vainqueurs des \u00e9ditions pr\u00e9c\u00e9dentes ne sera au d\u00e9part.<\/strong><\/p>\n<p><strong>Parmi les pr\u00e9tendants dans le clan des R5, Jean-Fran\u00e7ois Succi (vainqueur du Corte Centre Corse en 2010, et de la Ronde de la Giraglia en 2015) poss\u00e8de une solide exp\u00e9rience de 13 participations sur ce rallye et 8 podiums. Face \u00e0 lui Paul Alerini (vainqueur du Costa Verde en 2002, du Pays Ajaccien et du Corte Centre Corse en 2014) d\u00e9couvrira ce rallye, mais ses classements sur des rallyes hexagonaux ou italiens ont montr\u00e9 que ce n&rsquo;\u00e9tait pas un frein \u00e0 la performance pour lui. Jo\u00ebl Ottomani sera sans doute un redoutable adversaire, lui qui joue \u00e0 domicile, et compte pas moins de 17 participations sur les 18 \u00e9ditions de l&rsquo;\u00e9preuve ; il a fini \u00e0 deux reprises sur le podium (2010 et 2015). Il s&rsquo;agira l\u00e0 de sa premi\u00e8re apparition sur une auto de cette cat\u00e9gorie. Autre novice sur ce type d&rsquo;auto, Renaud Santini fera sans nul doute parler la poudre. Il ne faudra pas non plus oublier les pilotes du centre corse que sont Paul-Andr\u00e9 Mariani (r\u00e9cent 4e du rallye du Pays Ajaccien), et Georges Moracchini (4e \u00e0 Corte, et 3e au Nebbiu l&rsquo;ann\u00e9e derni\u00e8re).<br \/><\/strong><\/p>\n<p><strong>Anthony Queiroga fera ses d\u00e9buts sur une WRC. Il avait fini 4e l&rsquo;ann\u00e9e derni\u00e8re dans ce rallye sur une s2000, et pourrait pourquoi pas mettre tout le monde d&rsquo;accord.<\/strong><\/p>\n<p><strong>En s2000, l&rsquo;infatigable Guy Fiori sera \u00e9galement de la partie. Lui qui vient d&rsquo;enchainer deux rallyes sur le continent (5e au r\u00e9gional de l&rsquo;H\u00e9rault, et 10e au national de Venasque) pourrait \u00eatre un bel agitateur.<\/strong><\/p>\n<p><strong>Voici le d\u00e9tail des cat\u00e9gories :<\/strong><\/p>\n<p><strong>\u2013 27 en Groupe R (1 R1 \/ 15 R2 \/ 4 R3 \/ 7 R5)<br \/>\u2013 17 en Groupe F2000 (1 F2000-12 \/ 7 F2000-13\/ 9 F2000-14)<br \/>\u2013 19 en Groupe A \/ FA (2 FA8 \/ 7 FA6K \/ 3 A6K \/ 2 A7S \/ 3 A8 \/ 2 A8W)<br \/>\u2013 16 en Groupe FN (2 FN1 \/ 3 FN2 \/ 8 FN3 \/ 3 FN4)<br \/>\u2013 1 en Groupe GT (1 GT9)<br \/><\/strong><\/p>\n<p><strong>Du c\u00f4t\u00e9 des VHC ils seront 12 engag\u00e9s, avec notamment Louis Antonini, (vainqueur des quatre premi\u00e8res \u00e9ditions), Serge Cazaux (vainqueur du Tour de Corse Historique 2018, et du Cap sur la Balagne Historique 2019), et Jo\u00ebl Marchetti (r\u00e9cent 2e au rallye de Porto-Vecchio).<br \/><\/strong><\/p>\n<p><strong>Le rallye s&rsquo;annonce donc tr\u00e8s ind\u00e9cis&#8230; tout autant que la m\u00e9t\u00e9o de la micro-r\u00e9gion, et qui pourrait avoir son r\u00f4le \u00e0 jouer pour le r\u00e9sultat final.<\/strong><\/p>\n<p><strong>\u2014\u2014\u2014\u2014\u2014\u2014\u2014\u2014\u2014\u2014\u2014\u2014\u2014\u2014\u2014\u2014\u2014\u2014\u2014\u2014\u2014\u2014<\/strong><\/p>\n<p><strong><span style=\"color: #ff0000;\">Etape 1 <span style=\"color: #000000;\">\u2013 Samedi 27 Avril<\/span><\/span><br \/><\/strong><\/p>\n<p><strong><span style=\"color: #0000ff;\">ES 1<\/span> : Ventiseri (14,22 km) \/ <span style=\"color: #0000ff;\">13h19<\/span><br \/><\/strong><strong><span style=\"color: #0000ff;\">ES 2<\/span> : Pinellu &#8211; Pont de Serra di Fium&rsquo;Orbu (11,47 km) \/ <span style=\"color: #0000ff;\">13h40<\/span><\/strong><br \/><strong><span style=\"color: #0000ff;\">ES 3<\/span> : Ventiseri (14,22 km) \/ <span style=\"color: #0000ff;\">15h44<\/span><\/strong><br \/><strong><span style=\"color: #0000ff;\">ES 4<\/span> : <\/strong><strong>Pinellu &#8211; Pont de Serra di Fium&rsquo;Orbu (11,47 km) \/ <span style=\"color: #0000ff;\">16h05<\/span><\/strong><\/p>\n<p><strong><span style=\"color: #ff0000;\">Etape 2<span style=\"color: #000000;\"> \u2013 Dimanche 28 Avril<\/span><\/span> <\/strong><\/p>\n<p><strong><span style=\"color: #0000ff;\">ES 5<\/span> : Maison Pieraggi &#8211; Lugu di Nazza (14,50 km) \/ <span style=\"color: #0000ff;\">10h00<\/span><\/strong><br \/><strong><span style=\"color: #0000ff;\">ES 6<\/span> : Lugu di Nazza &#8211; Valcaccia (11,70 km) \/ <span style=\"color: #0000ff;\">10h20<\/span><\/strong><br \/><strong><span style=\"color: #0000ff;\">ES 7<\/span> : Maison Pieraggi &#8211; Lugu di Nazza (14,50 km) \/ <span style=\"color: #0000ff;\">12h38<\/span><br \/><span style=\"color: #0000ff;\">ES 8<\/span> : Lugu di Nazza &#8211; Valcaccia (11,70 km) \/ <span style=\"color: #0000ff;\">13h01<\/span><br \/><\/strong><\/p>\n<p><strong>\u00a0<\/strong><\/p>\n<p><strong>Suivez les temps du rallye en direct sur le site eWrc :<\/strong><\/p>\n<p><a href=\"https:\/\/www.ewrc-results.com\/results\/58134-rallye-national-cote-des-nacres-costa-serena-2019\/\" target=\"_blank\" rel=\"noopener noreferrer\"><strong>Direct<\/strong><\/a><\/p>\n<p><strong>\u2014\u2014\u2014\u2014\u2014\u2014\u2014\u2014\u2014\u2014\u2014\u2014\u2014\u2014\u2014\u2014\u2014\u2014\u2014\u2014\u2014\u2014<\/strong><\/p>\n<p><strong><a href=\"https:\/\/www.terredecorse.fr\/attachment\/1451910\/\" target=\"_blank\" rel=\"noopener noreferrer\">Liste des engag\u00e9s<\/a><br \/><\/strong><\/p>\n<p><strong><a href=\"https:\/\/www.terredecorse.fr\/attachment\/1451911\/\" target=\"_blank\" rel=\"noopener noreferrer\">Liste des engag\u00e9s VHC<\/a><br \/><\/strong><\/p>\n<p><strong>\u2014\u2014\u2014\u2014\u2014\u2014\u2014\u2014\u2014\u2014\u2014\u2014\u2014\u2014\u2014\u2014\u2014\u2014\u2014\u2014\u2014\u2014<\/strong><\/p>\n<p>\u00a0<\/p>\n<p><strong><span style=\"color: #ff0000;\">Palmar\u00e8s des cinq derni\u00e8res \u00e9ditions<\/span> :<\/strong><\/p>\n<p><strong><span style=\"color: #0000ff;\">Moderne<\/span> :<\/strong><br \/><strong>2018 : Leandri \/ El Kadaoui \/ Bartoli<\/strong><br \/><strong>2017 : Leandri \/ Manzagol \/ Succi<\/strong><br \/><strong>2016 : Padovani \/ El Kadaoui \/ Re<\/strong><br \/><strong>2015 : Balesi \/ Guglielmi \/ Ottomani<br \/>2014 : Marchi \/ Succi \/ Baylac<br \/><\/strong><\/p>\n<p><strong>Record de victoires sur l&rsquo;\u00e9preuve : Dominique De Meyer (4)<br \/><\/strong><\/p>\n<p><strong><span style=\"color: #0000ff;\">VHC<\/span> :<\/strong><br \/><strong>2018 : Valliccioni \/ Giovannangeli \/ Castelli<\/strong><br \/><strong>2017 : Calendini \/ Le Meur \/ Paoli<\/strong><br \/><strong>2016 : Antonini \/ Canavese \/ Icart<\/strong><br \/><strong>2015 : Antonini \/ Castelli \/ Paoli<br \/>2014 : Antonini \/ Paoli<br \/><\/strong><\/p>\n<p><strong>Record de victoires sur l&rsquo;\u00e9preuve : Louis Antonini (4)<br \/><\/strong><\/p>\n\n\n<p><\/p>\n","protected":false},"excerpt":{"rendered":"<p>Apr\u00e8s le Rallye de Porto-Vecchio, qui s&rsquo;est d\u00e9roul\u00e9 mi-F\u00e9vrier, le Rallye de Costa Serena est la seconde \u00e9preuve organis\u00e9e par&hellip; <a class=\"read-more\" href=\"https:\/\/rallyecorse.com\/index.php\/2019\/04\/19\/presentation-rallye-de-costa-serena-2019\/\">Continuer la lecture<\/a><\/p>\n","protected":false},"author":2,"featured_media":2291,"comment_status":"closed","ping_status":"closed","sticky":false,"template":"","format":"standard","meta":{"ngg_post_thumbnail":0,"footnotes":""},"categories":[4,14],"tags":[],"class_list":["post-2710","post","type-post","status-publish","format-standard","has-post-thumbnail","hentry","category-news","category-presentations-rallyes"],"_links":{"self":[{"href":"https:\/\/rallyecorse.com\/index.php\/wp-json\/wp\/v2\/posts\/2710","targetHints":{"allow":["GET"]}}],"collection":[{"href":"https:\/\/rallyecorse.com\/index.php\/wp-json\/wp\/v2\/posts"}],"about":[{"href":"https:\/\/rallyecorse.com\/index.php\/wp-json\/wp\/v2\/types\/post"}],"author":[{"embeddable":true,"href":"https:\/\/rallyecorse.com\/index.php\/wp-json\/wp\/v2\/users\/2"}],"replies":[{"embeddable":true,"href":"https:\/\/rallyecorse.com\/index.php\/wp-json\/wp\/v2\/comments?post=2710"}],"version-history":[{"count":16,"href":"https:\/\/rallyecorse.com\/index.php\/wp-json\/wp\/v2\/posts\/2710\/revisions"}],"predecessor-version":[{"id":2730,"href":"https:\/\/rallyecorse.com\/index.php\/wp-json\/wp\/v2\/posts\/2710\/revisions\/2730"}],"wp:featuredmedia":[{"embeddable":true,"href":"https:\/\/rallyecorse.com\/index.php\/wp-json\/wp\/v2\/media\/2291"}],"wp:attachment":[{"href":"https:\/\/rallyecorse.com\/index.php\/wp-json\/wp\/v2\/media?parent=2710"}],"wp:term":[{"taxonomy":"category","embeddable":true,"href":"https:\/\/rallyecorse.com\/index.php\/wp-json\/wp\/v2\/categories?post=2710"},{"taxonomy":"post_tag","embeddable":true,"href":"https:\/\/rallyecorse.com\/index.php\/wp-json\/wp\/v2\/tags?post=2710"}],"curies":[{"name":"wp","href":"https:\/\/api.w.org\/{rel}","templated":true}]}}