{"id":2749,"date":"2019-05-25T19:55:34","date_gmt":"2019-05-25T17:55:34","guid":{"rendered":"http:\/\/rallyecorse.com\/?p=2749"},"modified":"2020-10-04T16:14:47","modified_gmt":"2020-10-04T14:14:47","slug":"presentation-ronde-de-la-giraglia-2019","status":"publish","type":"post","link":"https:\/\/rallyecorse.com\/index.php\/2019\/05\/25\/presentation-ronde-de-la-giraglia-2019\/","title":{"rendered":"Pr\u00e9sentation &#8211; Ronde de la Giraglia 2019"},"content":{"rendered":"<p><strong>Premi\u00e8re \u00e9preuve de la saison organis\u00e9e par l&rsquo;ASA Bastiaise, la Ronde de la Giraglia n&rsquo;en reste pas moins l&rsquo;\u00e9v\u00e8nement phare de l&rsquo;association.<\/strong><\/p>\n<p><strong>Epreuve la plus ancienne de l&rsquo;\u00eele apr\u00e8s le Tour de Corse, la Giraglia est le quatri\u00e8me rallye de la saison insulaire (le troisi\u00e8me comptant pour le championnat de Corse), et le cinqui\u00e8me rendez-vous du Championnat de France de 2\u00e8me Division.<\/strong><\/p>\n<p><strong>Apr\u00e8s quelques \u00e9ditions difficiles, le renouveau de ce rallye est flagrant, et cela se voit notamment \u00e0 travers le nombre d&rsquo;engag\u00e9s. 112 en Moderne, 29 en VHC, et 13 en VHRS, soit un total de 154 \u00e9quipages !!<\/strong><\/p>\n<p><strong>A noter qu&rsquo;avant les autos de course passera un duo de luxe en 000. En effet Didier Calmels (co-propri\u00e9taire de l&rsquo;\u00e9quipe Signatech Alpine) sera pr\u00e9sent au volant d&rsquo;une Alpine A110 nouvelle g\u00e9n\u00e9ration, avec \u00e0 ses c\u00f4t\u00e9s l&rsquo;ancien pilote Philippe Alliot ! Quelques jours apr\u00e8s l&rsquo;annonce du retour d&rsquo;Alpine en rallye, cette pr\u00e9sence n&rsquo;est pas anodine !<br><\/strong><\/p>\n<p><strong>Autre ouvreur de marque, Jean-Marc Manzagol officiera en tant que 0 au volant de sa c\u00e9l\u00e8bre Megane Maxi.<\/strong><\/p>\n<p><strong>Au programme de cette 49e \u00e9dition 2 sp\u00e9ciales seront \u00e0 parcourir de nuit Vendredi (dont la d\u00e9sormais c\u00e9l\u00e8bre de Cardo, qui arrive sur les hauteurs de Bastia), puis 6 sp\u00e9ciales le Samedi (2 sp\u00e9ciales \u00e0 parcourir trois fois chacune), et enfin 2 sp\u00e9ciales le Dimanche pour une arriv\u00e9e finale aux environs de midi sur le Place Saint Nicolas.<\/strong><\/p>\n<p><strong>Ce retour \u00e0 un format \u00ab\u00a0type championnat de France\u00a0\u00bb fera office de r\u00e9p\u00e9tition g\u00e9n\u00e9rale pour les organisateurs, qui esp\u00e8rent bien int\u00e9grer le calendrier du Championnat de France de premi\u00e8re division l&rsquo;an prochain.<\/strong><\/p>\n<p><strong>Avec 112 engag\u00e9s en \u00ab\u00a0Moderne\u00a0\u00bb le spectacle s&rsquo;annonce superbe, d&rsquo;autant qu&rsquo;\u00e0 la quantit\u00e9 s&rsquo;ajoute la qualit\u00e9. Malgr\u00e9 la pr\u00e9sence de pilotes d\u00e9j\u00e0 vainqueurs d&rsquo;un rallye, aucun d&rsquo;entre eux ne s&rsquo;est d\u00e9j\u00e0 impos\u00e9 sur la Giraglia. Parmi les s\u00e9rieux pr\u00e9tendants \u00e0 la victoire, trois pilotes se d\u00e9gagent : Paul Alerini, Paul-Antoine Santoni, et Jean-Mathieu Leandri. Chacun d&rsquo;eux sera pr\u00e9sent sur une voiture de la cat\u00e9gorie R5.<\/strong><\/p>\n<p><strong>Apr\u00e8s un rallye de Costa Serena qui l&rsquo;aura vu abandonner une victoire promise, Georges Moracchini aura \u00e0 coeur de prendre sa revanche, il sera \u00e0 surveiller. Christophe Casanova, au volant de sa Fiesta WRC pourrait \u00e9galement cr\u00e9er la surprise.<br><\/strong><\/p>\n<p><strong>S&rsquo;il ne s&rsquo;est pas encore impos\u00e9 cette ann\u00e9e, Eddie Lemaitre, actuel leader du championnat de 2e Division, fait partie aussi des outsider.<br><\/strong><\/p>\n<p><strong>Voici le d\u00e9tail des cat\u00e9gories :<\/strong><\/p>\n<p><strong>\u2013&nbsp; 44 en Groupe R (16 R2 \/ 13 R3 \/ 2 R4 \/ 13 R5)<br>\u2013&nbsp; 28 en Groupe F2000 (2 F2000-12 \/ 13 F2000-13\/ 13 F2000-14)<br>\u2013&nbsp; 24 en Groupe A (5 A6 \/ 11 A6K \/ 1 A7 \/ 2 A7S \/ 2 A8 \/ 3 A8W)<br>\u2013&nbsp; 13 en Groupe N (1 N1 \/ 2 N2 \/ 9 N3 \/ 1 N4)<br>\u2013&nbsp; 3 en Groupe GT (1 GT9 \/ 2 GT10)<\/strong><\/p>\n<p><strong>Du c\u00f4t\u00e9 des VHC ils seront 29 engag\u00e9s ; Serge Cazaux et sa diabolique Sierra Cosworth 4&#215;4 font figures de grand favoris. A noter que de nombreux continentaux ont fait le d\u00e9placement.<br><\/strong><\/p>\n<p><strong>En VHRS ils seront 13 engag\u00e9s. A noter qu&rsquo;il n&rsquo;y aura aucun partants dans la cat\u00e9gorie \u00ab\u00a0Basse\u00a0\u00bb.<br><\/strong><\/p>\n<p><strong>\u2014\u2014\u2014\u2014\u2014\u2014\u2014\u2014\u2014\u2014\u2014\u2014\u2014\u2014\u2014\u2014\u2014\u2014\u2014\u2014\u2014\u2014<\/strong><\/p>\n<p><strong><span style=\"color: #ff0000;\">Etape 1<\/span> \u2013 Vendredi 30 Mai<\/strong><\/p>\n<p><strong><span style=\"color: #0000ff;\">ES 1<\/span> : St Florent \u2013 Col de Teghime (10,43 km) \/ <span style=\"color: #0000ff;\">21h30<\/span><\/strong><br><strong><span style=\"color: #0000ff;\">ES 2<\/span> : Cardo \u2013 Bastia Fango (3,00 km) \/ <span style=\"color: #0000ff;\">22h03<\/span><\/strong><\/p>\n<p><strong><span style=\"color: #ff0000;\">Etape 2<\/span> \u2013 Samedi 1er Juin<br><\/strong><\/p>\n<p><strong><span style=\"color: #0000ff;\">ES 3<\/span> : Cagnanu \u2013 Minerviu (19,90 km) \/ <span style=\"color: #0000ff;\">10h06<\/span><\/strong><br><strong><span style=\"color: #0000ff;\">ES 4<\/span> : Barcaggio \u2013 Ersa (12,08 km) \/ <span style=\"color: #0000ff;\">11h11<\/span><\/strong><br><strong><span style=\"color: #0000ff;\">ES 5<\/span> : Cagnanu \u2013 Minerviu (19,90 km) \/ <span style=\"color: #0000ff;\">13h32<\/span><\/strong><br><strong><span style=\"color: #0000ff;\">ES 6<\/span> : Barcaggio \u2013 Ersa (12,08 km) \/ <span style=\"color: #0000ff;\">14h35<\/span><\/strong><br><strong><span style=\"color: #0000ff;\">ES 7<\/span> : Cagnanu \u2013 Minerviu (19,90 km) \/ <span style=\"color: #0000ff;\">16h56<\/span><\/strong><br><strong><span style=\"color: #0000ff;\">ES 8<\/span> : Barcaggio \u2013 Ersa (12,08 km) \/ <span style=\"color: #0000ff;\">17h58<\/span><\/strong><\/p>\n<p><strong><span style=\"color: #ff0000;\">Etape 3<\/span> \u2013 Dimanche 2 Juin <\/strong><\/p>\n<p><strong><span style=\"color: #0000ff;\">ES 9<\/span> : Macinaggio \u2013 Ersa (11,70 km) \/ <span style=\"color: #0000ff;\">9h44<\/span><\/strong><br><strong><span style=\"color: #0000ff;\">ES 10<\/span> : Centuri \u2013 Cagnanu (27,55 km) \/ <span style=\"color: #0000ff;\">10h22<\/span><\/strong><\/p>\n<p><strong>&nbsp;<\/strong><\/p>\nngg_shortcode_0_placeholder\n<p><strong><a href=\"https:\/\/www.google.com\/maps\/d\/viewer?mid=11QSvPwfLY12WnMY4wsOUcWvgIVVMc_3g&amp;ll=42.894631724836145%2C9.37121495909878&amp;z=14&amp;fbclid=IwAR3sw4F_W06xauwaGFQY6eQt8BUR6knki6phuhr6V-nAzC--NY50deVAzvU\" target=\"_blank\" rel=\"noopener noreferrer\">Carte Google du parcours<\/a><br><\/strong><\/p>\n<p><strong>Suivez les temps du rallye en direct sur le site eWrc :<\/strong><\/p>\n<p><a href=\"https:\/\/www.ewrc-results.com\/results\/55033-ronde-nationale-de-la-giraglia-2019\/\" target=\"_blank\" rel=\"noopener noreferrer\"><strong>Direct eWrc<\/strong><\/a><\/p>\n<p><strong>Ou sur le site LC Chrono :<\/strong><\/p>\n<p><a href=\"http:\/\/lcchrono.com\/apps\/direct.php?ce=20190171&amp;de=0\" target=\"_blank\" rel=\"noopener noreferrer\"><strong>Direct LC Chrono<\/strong><\/a><\/p>\n<p><strong>\u2014\u2014\u2014\u2014\u2014\u2014\u2014\u2014\u2014\u2014\u2014\u2014\u2014\u2014\u2014\u2014\u2014\u2014\u2014\u2014\u2014\u2014<\/strong><\/p>\n<p><strong><a href=\"https:\/\/www.ewrc-results.com\/entries\/55033-ronde-nationale-de-la-giraglia-2019\/\" target=\"_blank\" rel=\"noopener noreferrer\">Liste des engag\u00e9s<\/a><br><\/strong><\/p>\n<p><strong><a href=\"http:\/\/lcchrono.com\/apps\/direct.php?ce=20190172&amp;de=0\" target=\"_blank\" rel=\"noopener noreferrer\">Liste des engag\u00e9s VHC<\/a><br><\/strong><\/p>\n<p><strong><a href=\"http:\/\/lcchrono.com\/apps\/direct.php?ce=20190173&amp;de=0\" target=\"_blank\" rel=\"noopener noreferrer\">Liste des engag\u00e9s VHRS<\/a><br><\/strong><\/p>\n<p><strong>\u2014\u2014\u2014\u2014\u2014\u2014\u2014\u2014\u2014\u2014\u2014\u2014\u2014\u2014\u2014\u2014\u2014\u2014\u2014\u2014\u2014\u2014<\/strong><\/p>\n<p><strong><span style=\"color: #ff0000;\">Palmar\u00e8s<\/span> :<\/strong><\/p>\n<p><strong><span style=\"color: #0000ff;\">Moderne<\/span> :<\/strong><br><strong>2018 : Trojani \/ Navarra \/ Alerini<\/strong><br><strong>2017 : Trojani \/ Padovani \/ Puppo<\/strong><br><strong>2016 : Navarra \/ Santini \/ Lefebvre<\/strong><br><strong>2015 : Succi \/ Alerini \/ Zuccarelli<br>2014 : Trojani \/ Zuccarelli \/ Santini<br><\/strong><\/p>\n<p><strong>Record de victoires sur l\u2019\u00e9preuve :<\/strong> <strong>Jean-Pierre Manzagol (14)<\/strong><\/p>\n<p><strong><span style=\"color: #0000ff;\">VHC<\/span> :<\/strong><br><strong>2018 : De Gentili \/ Abbati \/ Delluc<\/strong><br><strong>2017 : Marchetti \/ Agostini \/ Le Meur<\/strong><br><strong>2014 : Abbati \/ Antonini \/ Martini<br><\/strong><\/p>\n\n\n<p><\/p>\n","protected":false},"excerpt":{"rendered":"<p>Premi\u00e8re \u00e9preuve de la saison organis\u00e9e par l&rsquo;ASA Bastiaise, la Ronde de la Giraglia n&rsquo;en reste pas moins l&rsquo;\u00e9v\u00e8nement phare&hellip; <a class=\"read-more\" href=\"https:\/\/rallyecorse.com\/index.php\/2019\/05\/25\/presentation-ronde-de-la-giraglia-2019\/\">Continuer la lecture<\/a><\/p>\n","protected":false},"author":2,"featured_media":2764,"comment_status":"closed","ping_status":"closed","sticky":false,"template":"","format":"standard","meta":{"ngg_post_thumbnail":0,"footnotes":""},"categories":[4,14],"tags":[],"class_list":["post-2749","post","type-post","status-publish","format-standard","has-post-thumbnail","hentry","category-news","category-presentations-rallyes"],"_links":{"self":[{"href":"https:\/\/rallyecorse.com\/index.php\/wp-json\/wp\/v2\/posts\/2749","targetHints":{"allow":["GET"]}}],"collection":[{"href":"https:\/\/rallyecorse.com\/index.php\/wp-json\/wp\/v2\/posts"}],"about":[{"href":"https:\/\/rallyecorse.com\/index.php\/wp-json\/wp\/v2\/types\/post"}],"author":[{"embeddable":true,"href":"https:\/\/rallyecorse.com\/index.php\/wp-json\/wp\/v2\/users\/2"}],"replies":[{"embeddable":true,"href":"https:\/\/rallyecorse.com\/index.php\/wp-json\/wp\/v2\/comments?post=2749"}],"version-history":[{"count":15,"href":"https:\/\/rallyecorse.com\/index.php\/wp-json\/wp\/v2\/posts\/2749\/revisions"}],"predecessor-version":[{"id":5774,"href":"https:\/\/rallyecorse.com\/index.php\/wp-json\/wp\/v2\/posts\/2749\/revisions\/5774"}],"wp:featuredmedia":[{"embeddable":true,"href":"https:\/\/rallyecorse.com\/index.php\/wp-json\/wp\/v2\/media\/2764"}],"wp:attachment":[{"href":"https:\/\/rallyecorse.com\/index.php\/wp-json\/wp\/v2\/media?parent=2749"}],"wp:term":[{"taxonomy":"category","embeddable":true,"href":"https:\/\/rallyecorse.com\/index.php\/wp-json\/wp\/v2\/categories?post=2749"},{"taxonomy":"post_tag","embeddable":true,"href":"https:\/\/rallyecorse.com\/index.php\/wp-json\/wp\/v2\/tags?post=2749"}],"curies":[{"name":"wp","href":"https:\/\/api.w.org\/{rel}","templated":true}]}}