{"id":2824,"date":"2019-07-22T19:33:42","date_gmt":"2019-07-22T17:33:42","guid":{"rendered":"http:\/\/rallyecorse.com\/?p=2824"},"modified":"2019-07-22T19:33:44","modified_gmt":"2019-07-22T17:33:44","slug":"la-montee-historique-de-bocognano-annulee","status":"publish","type":"post","link":"https:\/\/rallyecorse.com\/index.php\/2019\/07\/22\/la-montee-historique-de-bocognano-annulee\/","title":{"rendered":"La Mont\u00e9e Historique de Bocognano annul\u00e9e !"},"content":{"rendered":"<p><strong>Initialement pr\u00e9vue les 7 et 8 Septembre prochain, la Mont\u00e9e Historique de Bocognano devait marquer la rentr\u00e9e du sport automobile insulaire.<\/strong><\/p>\n<p><strong>L&rsquo;ASA Corsica nous fait savoir aujourd&rsquo;hui, \u00e0 travers son compte Facebook, que cette Mont\u00e9e ne se fera pas cette ann\u00e9e, et qu&rsquo;autre chose sera propos\u00e9 l&rsquo;ann\u00e9e prochaine.<\/strong><\/p>\n<p><strong>Pour rappel, en 2018 Bocognano avait \u00e9t\u00e9 le lieu d&rsquo;un rallye VHC + VHRS, le lendemain du Rallye du Celavo-Prinelli.<\/strong><\/p>\n<p><strong>A l&rsquo;\u00e9poque le format de cette manifestation (mont\u00e9e historique ou rallye), et sa date (le lendemain du rallye, ou le week-end suivant) avait fait l&rsquo;objet de discussions. Cette ann\u00e9e le format de la Mont\u00e9e Historique avait donc \u00e9t\u00e9 choisi&#8230; mais n&rsquo;aura finalement pas lieu.<\/strong><\/p>\n<p><strong>Alors que l&rsquo;ann\u00e9e 2019 devait compter 6 Mont\u00e9e Historiques, trois ont finalement \u00e9t\u00e9 annul\u00e9es pour des raisons diverses..<\/strong><\/p>\n<p><strong>La premi\u00e8re, qui devait ouvrir la saison des Mont\u00e9es mi-Avril \u00e0 Murato, a \u00e9t\u00e9 annul\u00e9e pour raisons m\u00e9t\u00e9o.<\/strong><\/p>\n<p><strong>La seconde, qui devait se d\u00e9rouler \u00e0 Campile fin Juin, a \u00e9t\u00e9 annul\u00e9e suite au tragique accident de la circulation ayant emport\u00e9 Nicolas Simonpieri et Antoine Susini le matin de la manifestation.<br \/><\/strong><\/p>\n<p><strong>La troisi\u00e8me, qui devait donc se d\u00e9rouler \u00e0 Bocognano n&rsquo;aura pas lieu non plus.<\/strong><\/p>\n<p><strong>La rentr\u00e9e de Septembre se fera donc au Rallye du Corte Centre Corse, du 20 au 22 Septembre.<\/strong><\/p>\n\n\n<p><\/p>\n","protected":false},"excerpt":{"rendered":"<p>Initialement pr\u00e9vue les 7 et 8 Septembre prochain, la Mont\u00e9e Historique de Bocognano devait marquer la rentr\u00e9e du sport automobile&hellip; <a class=\"read-more\" href=\"https:\/\/rallyecorse.com\/index.php\/2019\/07\/22\/la-montee-historique-de-bocognano-annulee\/\">Continuer la lecture<\/a><\/p>\n","protected":false},"author":2,"featured_media":2825,"comment_status":"closed","ping_status":"closed","sticky":false,"template":"","format":"standard","meta":{"ngg_post_thumbnail":0,"footnotes":""},"categories":[4],"tags":[],"class_list":["post-2824","post","type-post","status-publish","format-standard","has-post-thumbnail","hentry","category-news"],"_links":{"self":[{"href":"https:\/\/rallyecorse.com\/index.php\/wp-json\/wp\/v2\/posts\/2824","targetHints":{"allow":["GET"]}}],"collection":[{"href":"https:\/\/rallyecorse.com\/index.php\/wp-json\/wp\/v2\/posts"}],"about":[{"href":"https:\/\/rallyecorse.com\/index.php\/wp-json\/wp\/v2\/types\/post"}],"author":[{"embeddable":true,"href":"https:\/\/rallyecorse.com\/index.php\/wp-json\/wp\/v2\/users\/2"}],"replies":[{"embeddable":true,"href":"https:\/\/rallyecorse.com\/index.php\/wp-json\/wp\/v2\/comments?post=2824"}],"version-history":[{"count":2,"href":"https:\/\/rallyecorse.com\/index.php\/wp-json\/wp\/v2\/posts\/2824\/revisions"}],"predecessor-version":[{"id":2827,"href":"https:\/\/rallyecorse.com\/index.php\/wp-json\/wp\/v2\/posts\/2824\/revisions\/2827"}],"wp:featuredmedia":[{"embeddable":true,"href":"https:\/\/rallyecorse.com\/index.php\/wp-json\/wp\/v2\/media\/2825"}],"wp:attachment":[{"href":"https:\/\/rallyecorse.com\/index.php\/wp-json\/wp\/v2\/media?parent=2824"}],"wp:term":[{"taxonomy":"category","embeddable":true,"href":"https:\/\/rallyecorse.com\/index.php\/wp-json\/wp\/v2\/categories?post=2824"},{"taxonomy":"post_tag","embeddable":true,"href":"https:\/\/rallyecorse.com\/index.php\/wp-json\/wp\/v2\/tags?post=2824"}],"curies":[{"name":"wp","href":"https:\/\/api.w.org\/{rel}","templated":true}]}}