{"id":2848,"date":"2019-09-16T10:23:07","date_gmt":"2019-09-16T08:23:07","guid":{"rendered":"http:\/\/rallyecorse.com\/?p=2848"},"modified":"2019-11-28T16:47:16","modified_gmt":"2019-11-28T15:47:16","slug":"presentation-corte-centre-corse-2019","status":"publish","type":"post","link":"https:\/\/rallyecorse.com\/index.php\/2019\/09\/16\/presentation-corte-centre-corse-2019\/","title":{"rendered":"Pr\u00e9sentation &#8211; Corte Centre Corse 2019"},"content":{"rendered":"<p><strong>La rentr\u00e9e des rallyes insulaires se fait avec le rallye du Corte Centre Corse, seule \u00e9preuve de la saison organis\u00e9e par l\u2019ASA Restonica.<\/strong><\/p>\n<p><strong>L&rsquo;\u00e9preuve, qui en est \u00e0 sa 32e \u00e9dition,&nbsp; a vu des pilotes de calibre international venir s&rsquo;\u00e9talonner ces derni\u00e8res ann\u00e9es. Ainsi en 2015 et 2016, lorsque le Tour de Corse WRC \u00e9tait encore au mois d&rsquo;Octobre, se sont le suisse Jonathan Hirschi, le fran\u00e7ais Julien Maurin, et l&rsquo;espagnol Jos\u00e9 Antonio Suarez qui \u00e9taient venu effectuer une s\u00e9ance d&rsquo;essai grandeur nature. L&rsquo;ann\u00e9e derni\u00e8re Eric Camilli avait fait un d\u00e9placement victorieux sur les routes du Centre Corse quelques semaines seulement avant de faire d\u00e9buter en mondial la nouvelle Volkswagen Polo R5 sur les routes espagnoles.<br \/>\n<\/strong><\/p>\n<p><strong>Pour cette rentr\u00e9e des classes au niveau rallystique c&rsquo;est une liste fournie qui nous est propos\u00e9e avec 88 autos en Moderne, et 11 autos en VHC, qui est la nouveaut\u00e9 de cette \u00e9dition. Soit un total de 99 \u00e9quipages !<\/strong><\/p>\n<p><strong>Au programme de cette 32e \u00e9dition, un parcours inchang\u00e9 par rapport \u00e0 l&rsquo;ann\u00e9e derni\u00e8re. Une sp\u00e9ciale sera \u00e0 parcourir de nuit Vendredi avec la tr\u00e8s connue mont\u00e9e de Riventosa, qui avait notamment servi de shakedown lors du Tour de Corse WRC 2015. Le Samedi une sp\u00e9ciale \u00e0 parcourir trois fois entre Valle di Rustinu et Ponte-Leccia. Enfin le Dimanche ce sera au tour de la sp\u00e9ciale de Muracciole &#8211; Nocetta d&rsquo;\u00eatre faites \u00e0 trois reprises. L&rsquo;arriv\u00e9e finale sera jug\u00e9e en plein centre de Corte, sur le Cours Paoli.<br \/>\n<\/strong><\/p>\n<p><strong>A noter que le Vendredi apr\u00e8s-midi l&rsquo;organisation propose une sp\u00e9ciale d&rsquo;essai (sorte de petit shakedown) sur la route de Bistugliu (ancienne Nationale en direction de Bastia).<\/strong><\/p>\n<p><strong>Avec 88 engag\u00e9s en \u201cModerne\u201d le spectacle promet d&rsquo;\u00eatre au rendez-vous, d\u2019autant qu\u2019\u00e0 la quantit\u00e9 s\u2019ajoute la qualit\u00e9. Dans une cat\u00e9gorie R5 all\u00e9chante, les pr\u00e9tendants \u00e0 la victoire seront nombeux.<\/strong><\/p>\n<p><strong>Tout d&rsquo;abord la doublette Venturini-Campana, qui se partagera le volant au fil du rallye, aura \u00e0 coeur de performer sur leur \u00e9preuve \u00e0 domicile. L&rsquo;ann\u00e9e derni\u00e8re ils avaient tenu la drag\u00e9e haute \u00e0 Eric Camilli.<br \/>\n<\/strong><\/p>\n<p><strong>Autres pilotes du Centre Corse qui seront \u00e0 suivre, <\/strong><strong> Georges Moracchini et Paul-Andr\u00e9 Mariani (vainqueur de son premier rallye au Costa Serena cette ann\u00e9e).<br \/>\n<\/strong><\/p>\n<p><strong>Le tr\u00e8s v\u00e9loce Paul Alerini (vainqueur en 2014) sera \u00e9galement de la partie, tout comme Thomas Argenti.<\/strong><\/p>\n<p><strong>Tout ce bout monde aura en ligne de mire le double champion de Corse sortant, Jean-Mathieu Leandri vainqueur de l&rsquo;\u00e9dition 2015, et deuxi\u00e8me en 2017.<br \/>\n<\/strong><\/p>\n<p><strong>Autre pilote du Centre Corse que nous aurons tous \u00e0 coeur de suivre, Vincent Raynaud sera pr\u00e9sent avec sa nouvelle monture. Toujours au volant d&rsquo;une anglaise, il sera avec une Lotus en cat\u00e9gorie GT10.<\/strong><\/p>\n<p><strong>Voici le d\u00e9tail des cat\u00e9gories :<\/strong><\/p>\n<p><strong>\u2013&nbsp; 34 en Groupe R (2 R1 \/ 13 R2 \/ 8 R3 \/ 11 R5)<br \/>\n\u2013&nbsp; 23 en Groupe F2000 (1 F2000-12 \/ 6 F2000-13\/ 16 F2000-14)<br \/>\n\u2013&nbsp; 15 en Groupe A (3 A6 \/ 11 A6K \/ 1 A8W)<br \/>\n\u2013&nbsp; 15 en Groupe N (1 N1 \/ 5 N2 \/ 7 N3 \/ 2 N4)<br \/>\n\u2013&nbsp; 1 en Groupe GT (1 GT10)<\/strong><\/p>\n<p><strong>Du c\u00f4t\u00e9 des VHC ils seront 11 engag\u00e9s ; Marc Valliccioni et sa diabolique BMW M3 font figures de grands favoris.<\/strong><\/p>\n<p><strong>\u2014\u2014\u2014\u2014\u2014\u2014\u2014\u2014\u2014\u2014\u2014\u2014\u2014\u2014\u2014\u2014\u2014\u2014\u2014\u2014\u2014\u2014<\/strong><\/p>\n<p><strong><span style=\"color: #ff0000;\">Etape 1<\/span> \u2013 Vendredi 20 Septembre<\/strong><\/p>\n<p><strong><span style=\"color: #0000ff;\">ES 1<\/span> : RD40 \u2013 Riventosa (5,50 km) \/ <span style=\"color: #0000ff;\">20h58<\/span><\/strong><\/p>\n<p><strong><span style=\"color: #ff0000;\">Etape 2<\/span> \u2013 Samedi 21 Septembre<br \/>\n<\/strong><\/p>\n<p><strong><span style=\"color: #0000ff;\">ES 2<\/span> : Valle di Rustinu\u2013 Ponte-Leccia 1 (18,24 km) \/<span style=\"color: #0000ff;\"> 10h46<\/span><\/strong><br \/>\n<strong><span style=\"color: #0000ff;\">ES 3<\/span> : Valle di Rustinu\u2013 Ponte-Leccia 2 (18,24 km) \/<span style=\"color: #0000ff;\"> 13h17<\/span><\/strong><br \/>\n<strong><span style=\"color: #0000ff;\">ES 4<\/span> : Valle di Rustinu\u2013 Ponte-Leccia 3 (18,24 km) \/<span style=\"color: #0000ff;\"> 15h48<\/span><\/strong><\/p>\n<p><strong><span style=\"color: #ff0000;\">Etape 3<\/span> \u2013 Dimanche 22 Septembre <\/strong><\/p>\n<p><strong><span style=\"color: #0000ff;\">ES 5<\/span> : Muracciole \u2013 Nocetta 1 (15,26 km) \/ <span style=\"color: #0000ff;\">9h26<\/span><\/strong><br \/>\n<strong><span style=\"color: #0000ff;\">ES 6<\/span> : Muracciole \u2013 Nocetta 2 (15,26 km) \/ <span style=\"color: #0000ff;\">11h57<\/span><br \/>\n<span style=\"color: #0000ff;\">ES 7<\/span> : Muracciole \u2013 Nocetta 3 (15,26 km) \/ <span style=\"color: #0000ff;\">14h28<\/span><br \/>\n<\/strong><\/p>\n<p>ngg_shortcode_0_placeholder<strong>Suivez les temps du rallye en direct sur le site eWrc :<\/strong><\/p>\n<p><a href=\"https:\/\/www.ewrc-results.com\/results\/60276-rallye-national-de-corti-centru-di-corsica-2019\/\" target=\"_blank\" rel=\"noopener noreferrer\"><strong>Direct eWrc<\/strong><\/a><\/p>\n<p><strong>\u2014\u2014\u2014\u2014\u2014\u2014\u2014\u2014\u2014\u2014\u2014\u2014\u2014\u2014\u2014\u2014\u2014\u2014\u2014\u2014\u2014\u2014<\/strong><\/p>\n<p><strong><a href=\"http:\/\/www.asarestonica.fr\/pdf\/engages.pdf\" target=\"_blank\" rel=\"noopener noreferrer\">Liste des engag\u00e9s<\/a><br \/>\n<\/strong><\/p>\n<p><a href=\"http:\/\/www.asarestonica.fr\/pdf\/engages_vhc.pdf\" target=\"_blank\" rel=\"noopener noreferrer\"><strong>Liste des engag\u00e9s VHC<\/strong><\/a><\/p>\n<p><strong>\u2014\u2014\u2014\u2014\u2014\u2014\u2014\u2014\u2014\u2014\u2014\u2014\u2014\u2014\u2014\u2014\u2014\u2014\u2014\u2014\u2014\u2014<\/strong><\/p>\n<p><strong>Palmar\u00e8s :<\/strong><\/p>\n<p><strong>2018 : <\/strong><strong>Camilli \/ Venturini \/ Trojani<\/strong><br \/>\n<strong>2017 : Navarra \/ Leandri \/ Mariani P-A<\/strong><br \/>\n<strong>2016 : Maurin \/ Leandri \/ Suarez<\/strong><br \/>\n<strong>2015 : Leandri \/ Hirschi \/ Nannucci<br \/>\n2014 : Alerini \/ Luciani \/ Baylac<br \/>\n<\/strong><\/p>\n<p><strong>Record de victoires sur l\u2019\u00e9preuve :<\/strong>&nbsp;<strong> Jean-Pierre Manzagol (5)<\/strong><\/p>\n","protected":false},"excerpt":{"rendered":"<p>La rentr\u00e9e des rallyes insulaires se fait avec le rallye du Corte Centre Corse, seule \u00e9preuve de la saison organis\u00e9e&hellip; <a class=\"read-more\" href=\"https:\/\/rallyecorse.com\/index.php\/2019\/09\/16\/presentation-corte-centre-corse-2019\/\">Continuer la lecture<\/a><\/p>\n","protected":false},"author":2,"featured_media":2849,"comment_status":"closed","ping_status":"closed","sticky":false,"template":"","format":"standard","meta":{"ngg_post_thumbnail":0,"footnotes":""},"categories":[4,14],"tags":[],"class_list":["post-2848","post","type-post","status-publish","format-standard","has-post-thumbnail","hentry","category-news","category-presentations-rallyes"],"_links":{"self":[{"href":"https:\/\/rallyecorse.com\/index.php\/wp-json\/wp\/v2\/posts\/2848","targetHints":{"allow":["GET"]}}],"collection":[{"href":"https:\/\/rallyecorse.com\/index.php\/wp-json\/wp\/v2\/posts"}],"about":[{"href":"https:\/\/rallyecorse.com\/index.php\/wp-json\/wp\/v2\/types\/post"}],"author":[{"embeddable":true,"href":"https:\/\/rallyecorse.com\/index.php\/wp-json\/wp\/v2\/users\/2"}],"replies":[{"embeddable":true,"href":"https:\/\/rallyecorse.com\/index.php\/wp-json\/wp\/v2\/comments?post=2848"}],"version-history":[{"count":8,"href":"https:\/\/rallyecorse.com\/index.php\/wp-json\/wp\/v2\/posts\/2848\/revisions"}],"predecessor-version":[{"id":2861,"href":"https:\/\/rallyecorse.com\/index.php\/wp-json\/wp\/v2\/posts\/2848\/revisions\/2861"}],"wp:featuredmedia":[{"embeddable":true,"href":"https:\/\/rallyecorse.com\/index.php\/wp-json\/wp\/v2\/media\/2849"}],"wp:attachment":[{"href":"https:\/\/rallyecorse.com\/index.php\/wp-json\/wp\/v2\/media?parent=2848"}],"wp:term":[{"taxonomy":"category","embeddable":true,"href":"https:\/\/rallyecorse.com\/index.php\/wp-json\/wp\/v2\/categories?post=2848"},{"taxonomy":"post_tag","embeddable":true,"href":"https:\/\/rallyecorse.com\/index.php\/wp-json\/wp\/v2\/tags?post=2848"}],"curies":[{"name":"wp","href":"https:\/\/api.w.org\/{rel}","templated":true}]}}