{"id":3135,"date":"2019-11-11T13:16:33","date_gmt":"2019-11-11T12:16:33","guid":{"rendered":"http:\/\/rallyecorse.com\/?p=3135"},"modified":"2019-11-11T13:43:44","modified_gmt":"2019-11-11T12:43:44","slug":"mare-e-machja-2019-premiere-pour-papi","status":"publish","type":"post","link":"https:\/\/rallyecorse.com\/index.php\/2019\/11\/11\/mare-e-machja-2019-premiere-pour-papi\/","title":{"rendered":"Mare e Machja 2019 : Premi\u00e8re pour Papi !"},"content":{"rendered":"<p><strong>Malgr\u00e9 un faible nombre d&rsquo;engag\u00e9s, ce rallye du Mare e Machja n&rsquo;\u00e9tait pas d\u00e9nu\u00e9 d&rsquo;int\u00e9r\u00eat. La victoire finale s&rsquo;annon\u00e7ait disput\u00e9e, et les favoris ont assum\u00e9 leur statut pour nous offrir du beau spectacle.<\/strong><\/p>\n<p><strong>Ils \u00e9taient finalement 46 \u00e0 prendre le d\u00e9part en Moderne du c\u00f4t\u00e9 de Porticcio samedi avec une m\u00e9t\u00e9o bien incertaine.<br><\/strong><\/p>\n<p><strong>Sans les cadors habituels au volant de leurs R5, et avec deux pilotes du Top 5 de 2018 au d\u00e9part, le duel \u00e9tait tout indiqu\u00e9 : Jean-Antoine Fiori (C2 R2) face \u00e0 Laurent Papi (Clio s1600).<\/strong><\/p>\n<p><strong>Sous la pluie de l&rsquo;ES 1 (Gradello-Veghja) le ton \u00e9tait donn\u00e9, avec le meilleur temps pour Jean-Antoine Fiori devant son p\u00e8re Guy, vainqueur du Maquis il y a trente ans (+ 5&Prime;3), Laurent Papi (+ 16&Prime;6), et Pierre-Marien Leonardi (+ 23&Prime;9). Les suivants sont d\u00e9j\u00e0 au-del\u00e0 des 30 secondes ! Robert Simonetti, qui pouvait tirer son \u00e9pingle du jeu avec sa WRC 4 roues motrices, est lui contraint \u00e0 l&rsquo;abandon suite \u00e0 de gros probl\u00e8mes de freins.<br><\/strong><\/p>\n<p><strong>Cette premi\u00e8re sp\u00e9ciale \u00e9tait suivi d&rsquo;un long regroupement afin de reclasser les concurrents, et les faire repartir dans l&rsquo;ordre du classement.<\/strong><\/p>\n<p><strong>Durant cette pause la pluie s&rsquo;est arr\u00eat\u00e9e, mais dans l&rsquo;ES 2 (Masina-Aja) la route reste tr\u00e8s humide. Dans ces conditions la famille Fiori r\u00e9it\u00e9rait son doubl\u00e9, avec toujours Jean-Antoine devant Guy (+ 1&Prime;3). Papi reste en embuscade (+ 6&Prime;0), et Leonardi conforte sa quatri\u00e8me position (+24&Prime;9). Reparti en Rally2, Simonetti abandonne \u00e0 l&rsquo;\u00e9pingle d&rsquo;Albitreccia, avec toujours des soucis de freins qui n&rsquo;ont pas pu \u00eatre r\u00e9solus pendant la pause ; <br><\/strong><\/p>\n<p><strong>Le second passage dans Gradello (ES 3), qui se fait sur sol sec, voit Papi signer son premier temps scratch, devant le r\u00e9gulier Grange (+ 5&Prime;8), Leonardi (+10&Prime;7), et J-A Fiori (+ 17&Prime;1). De son c\u00f4t\u00e9 Guy Fiori cr\u00e8ve, et perd beaucoup de temps en devant s&rsquo;arr\u00eater pour changer la roue (+ 4&rsquo;41&Prime;2). Avant la derni\u00e8re boucle de la journ\u00e9e J-A Fiori est toujours en t\u00eate, mais Papi est revenu fort (+ 5&Prime;5). Leonardi compl\u00e8te le podium provisoire en \u00e9tant \u00e0 bonne distance (+ 42&Prime;4), et devan\u00e7ant Grange (+ 55&Prime;0).<\/strong><\/p>\n<p><strong>Pour le deuxi\u00e8me tour dans Masina (ES 4) J-A Fiori r\u00e9agit, et r\u00e9alise le meilleur chrono, devant son p\u00e8re et Papi (+ 11&Prime;2) ; suivent Pierazzi et sa Clio N3 (+ 18&Prime;2), et Leonardi (+ 19&Prime;3). Malgr\u00e9 ce chrono l&rsquo;\u00e9cart n&rsquo;\u00e9volue gu\u00e8re au classement&#8230; la faute \u00e0 un pointage en retard pour les deux leaders. Papi \u00e9cope de 20&Prime; de p\u00e9nalit\u00e9, et Fiori de 30&Prime;.&nbsp; Avant la derni\u00e8re sp\u00e9ciale de cette premi\u00e8re \u00e9tape Fiori n&rsquo;a donc augment\u00e9 son avance que d&rsquo;1&Prime;2. A noter l&rsquo;abandon de Patrick Langiani, qui \u00e9tait jusqu&rsquo;alors neuvi\u00e8me du g\u00e9n\u00e9ral, et leader du F2000.<br><\/strong><\/p>\n<p><strong>S&rsquo;il indiquait \u00eatre moins \u00e0 l&rsquo;aise de nuit, Papi signe \u00e0 nouveau le meilleur temps dans le dernier passage de Gradello (ES 5). Il devance les Fiori p\u00e8re (+ 1&Prime;9) et fils (+ 3&Prime;3), et Leonardi (+ 19&Prime;1).<\/strong><\/p>\n<p><strong>Au soir de la premi\u00e8re journ\u00e9e J-A Fiori est donc leader, d&rsquo;une courte t\u00eate devant Papi (+ 3&Prime;4), Leonardi (+ 47&Prime;5), Grange (+ 1&rsquo;22&Prime;6), et Gambarelli (+ 1&rsquo;34&Prime;6). Apr\u00e8s sa crevaison dans l&rsquo;ES 3, et ses bons chronos dans les ES 4 et 5, Guy Fiori est lui remont\u00e9 en dixi\u00e8me position (+ 4&rsquo;10&Prime;5).<br><\/strong><\/p>\n<p><strong>Particularit\u00e9 de ce rallye du Mare e Machja, qui est repris des anciennes \u00e9ditions du rallye du Maquis, la seconde \u00e9tape est compos\u00e9e d&rsquo;un seul chrono, sous forme d&rsquo;un circuit. Les \u00e9quipages font ainsi deux fois et demi la m\u00eame sp\u00e9ciale, pour un total de 38 km. Autre particularit\u00e9, les concurrents partent dans l&rsquo;ordre inverse du classement ; les premiers passent donc&#8230; en dernier ! Pour des raisons de s\u00e9curit\u00e9 \u00e9videntes, les \u00e9quipages sont envoy\u00e9s par groupes.<br><\/strong><\/p>\n<p><strong>S&rsquo;il ne pleut pas, le temps reste humide, et la route l&rsquo;est tout autant, avec des coul\u00e9es et trous d&rsquo;eau tout le long du parcours. Des conditions pi\u00e9geuses donc pour d\u00e9cider qui sera le vainqueur de ce beau duel.<\/strong><\/p>\n<p><strong>Sur ce Circuit du Maquis (ES 6), Laurent Papi aura fait parler son exp\u00e9rience, et la puissance de son auto, puisqu&rsquo;il signe avec autorit\u00e9 le meilleur devant Guy Fiori (+ 27&Prime;0), J-A Fiori (+ 35&Prime;5), et Leonardi (+ 40&Prime;6). Preuve que les conditions \u00e9taient d\u00e9licates, avec la m\u00eame auto, Jean-Antoine Fiori signe un chrono de 25&rsquo;42&Prime;0, contre un temps de 25&rsquo;02&Prime;8 l&rsquo;ann\u00e9e derni\u00e8re, o\u00f9 le temps \u00e9tait sec ! L&rsquo;une des victimes de ces conditions aura \u00e9t\u00e9 le tr\u00e8s exp\u00e9riment\u00e9 Jean-Claude Torre (initialement engag\u00e9 en VHC, mais finalement au d\u00e9part en Moderne) ; \u00e0 l&rsquo;entame du second tour du circuit, et \u00e0 l&rsquo;approche de l&rsquo;\u00e9pingle de Pietrosella, il se faisait pi\u00e9ger et arrachait le demi-train arri\u00e8re de sa Clio R3. Autre victime de ce dimanche Anghjulu Gambarelli, alors cinqui\u00e8me du g\u00e9n\u00e9ral, n&rsquo;a pas pu d\u00e9fendre ses chances au classement, puisqu&rsquo;il a \u00e9t\u00e9 contraint \u00e0 l&rsquo;abandon sur la liaison en direction de la sp\u00e9ciale suite \u00e0 le perte de ses freins !<\/strong><\/p>\n<p><strong>En Groupe N, la bagarre \u00e9tait forte entre Renucci et Pierazzi le premier jour. Tout comme pour le scratch le Circuit a vu l&rsquo;un des pilotes faire un \u00e9cart cons\u00e9quent, et il s&rsquo;agit de Renucci. En plus de la victoire de groupe, il termine \u00e0 une belle cinqui\u00e8me place au g\u00e9n\u00e9ral.<\/strong><\/p>\n<p><strong>Laurent Papi l&#8217;emporte donc devant J-A Fiori (+ 32&Prime;1), Leonardi (+ 1&rsquo;24&Prime;7), Grange (+ 2&rsquo;21&Prime;0), et Renucci (+ 2&rsquo;45&Prime;7).<\/strong><\/p>\n<p><strong>Voici le classement :<\/strong><\/p>\n<p><strong>1 \/ Papi &#8211; Perrin (Clio s1600) <span style=\"color: #ff0000;\">(1er A6K)<\/span><br>2 \/ Fiori J-A &#8211; Tavera (C2 R2 Max) + 32&Prime;1 <span style=\"color: #ff0000;\">(1er R2)<\/span><br>3 \/ Leonardi &#8211; Barichella (Clio s1600) + 1&rsquo;24&Prime;7<br>4 \/ Grange &#8211; Garcia (Peugeot 208) + 2&rsquo;21&Prime;0<br>5 \/ Renucci A &#8211; Simeoni (Clio Ragnotti) + 2&rsquo;45&Prime;7 <span style=\"color: #ff0000;\">(1er N3)<\/span><br>&#8230;<br>10 \/ Stachino &#8211; Campos Fernandes (Clio 16s) + 7&rsquo;57&Prime;5 <span style=\"color: #ff0000;\">(1er F2000-14)<\/span><br>11 \/ Mameli &#8211; Soggia (Megane RS) + 8&rsquo;39&Prime;8 <span style=\"color: #ff0000;\">(1er N4)<\/span><br>12 \/ Renucci P-P &#8211; De La Foata (BMW 135i) + 8&rsquo;40&Prime;0<span style=\"color: #ff0000;\"> (1er GT10)<\/span><br>&#8230;<br>17 \/ Gilabert &#8211; Betti (106 s16) + 10&rsquo;53&Prime;1 <span style=\"color: #ff0000;\">(1er A6)<\/span><br>18 \/ Piazza &#8211; Penellet Allegra (Citro\u00ebn AX) + 10&rsquo;56&Prime;9 <span style=\"color: #ff0000;\">(1er F2000-12)<\/span><br>19 \/ Venturi &#8211; Tuninetti (106 Rallye) + 11&rsquo;43&Prime;8 <span style=\"color: #ff0000;\">(1er N2)<\/span><br>20 \/ Payen &#8211; Capelli (205 Gti) + 12&rsquo;38&Prime;1<span style=\"color: #ff0000;\"> (1er F2000-13)<\/span><br>&#8230;<br>23 \/ Nicoli &#8211; Galtieri (Citro\u00ebn AX Sport) + 17&rsquo;59&Prime;4 <span style=\"color: #ff0000;\">(1er N1)<\/span><br>&#8230;<br>26 \/ D&rsquo;Ulivo &#8211; Paolini (Twingo RS) + 23&rsquo;58&Prime;9 <span style=\"color: #ff0000;\">(1er R1)<\/span><br>&#8230;<br>28 \/ Bernardini &#8211; Frassati (Clio RS R3T) +28&rsquo;00&Prime;8 <span style=\"color: #ff0000;\">(1er R3)<\/span><br>29 \/ Poggi &#8211; Mazoyon (Fiat Punto) + 31&rsquo;29&Prime;9 <span style=\"color: #ff0000;\">(1er F2000-11)<\/span><br><\/strong><\/p>\n<p><strong>Sur les 46 partants, ils sont 29 \u00e0 l&rsquo;arriv\u00e9e.<\/strong><\/p>\n<p><a href=\"https:\/\/www.ewrc-results.com\/final\/61072-rallye-national-mare-e-machja-2019\/\" target=\"_blank\" rel=\"noopener noreferrer\"><strong>Classement complet<\/strong><\/a><\/p>\nngg_shortcode_0_placeholder\n<p><strong>En VHC ils n&rsquo;\u00e9taient finalement que 2 partants : Marcelli (Ford Escort Mk2) et Bonelli (Lancia Monte-Carlo).<\/strong><\/p>\n<p><strong>Apr\u00e8s avoir sign\u00e9 les trois premiers temps scratch, Marcelli s&rsquo;est retrouv\u00e9 eseul\u00e9, puisque Bonelli abandonnait dans l&rsquo;ES 4. Marcelli s&rsquo;impose donc en solitaire, tout en faisant le spectacle sur les sp\u00e9ciales.<\/strong><\/p>\nngg_shortcode_1_placeholder\n<p><strong>En VHRS ils \u00e9taient 5 engag\u00e9s, et tous \u00e9taient au d\u00e9part.<\/strong><\/p>\n<p><strong>Lors de la premi\u00e8re \u00e9tape du samedi, si dans la sp\u00e9ciale de Gardello les Alpine A310 de Lamour (ES 1, et ES 5) et Lecomte (ES 3) ont occup\u00e9 le haut du classement, Spinetti au volant de sa petite Peugeot 104 r\u00e9pondait parfaitement dans la sp\u00e9ciale de Masina (ES 2 et ES 4). A la fin de la premi\u00e8re \u00e9tape Spinetti \u00e9tait assez largement en t\u00eate devant Lamour. Le dimanche le Circuit du Maquis fut raccourcit d&rsquo;un tour, mais cela ne changera pas le classement, puisque Spinetti a confort\u00e9 sa premi\u00e8re position. A noter que Piredda (Citro\u00ebn Visa Gti) n&rsquo;a pas pu prendre le d\u00e9part de la deuxi\u00e8me \u00e9tape ; suite \u00e0 des soucis m\u00e9caniques juste avant la cellule, il avait perdu trop de temps \u00e0 r\u00e9parer pour pouvoir prendre le d\u00e9part ; le premier VHC (le groupe suivant donc) \u00e9tant d\u00e9j\u00e0 pr\u00eat \u00e0 partir.<br><\/strong><\/p>\n<p><strong>Voici le classement :<\/strong><\/p>\n<p><strong>1 \/ Spinetti &#8211; Spinetti (Peugeot 104)<br>2 \/ Lamour &#8211; Delachanal (Alpine A310) + 374 <br>3 \/ Rossini &#8211; Novello (R5 Alpine) + 419<br>4 \/ Lecomte &#8211; Kryda (Alpine A310) + 844<br><\/strong><\/p>\nngg_shortcode_2_placeholder\n<p><strong>En ENRS un seul \u00e9quipage \u00e9tait engag\u00e9 ; sans faire de bruit Alex Mazauric rejoint l&rsquo;arriv\u00e9e au volant de sa Renault Zo\u00e9 \u00e9lectrique.<\/strong><\/p>\nngg_shortcode_3_placeholder\n<p><strong>La galerie compl\u00e8te est visible <a href=\"https:\/\/www.facebook.com\/media\/set\/?set=a.2730121573704636&amp;type=3&amp;__xts__%5B0%5D=68.ARBIqWVfSIXK7e1bnvEyrSu3_cA_weDTgRqC0U-0HJ3LVlFUBhbzGSUL5Lv4lb3drMXJZgOpf7jDP5vwJ-ZiNiCtTBwjylN-6e30pWp17md83Ijw0ZCZ6mkLN7XPgeJqKnG0Dr0PwZBBBY1LDmOI15s0KuR2qQgsGikNd4vxAS0v9ZypWsLk8IrH75vD24dL-Y--l7r-QtWfAmQhZrtPUX4dcrQnRlowHvbHX8vtt9MIq7wLYx-vrO4Hu3Uy3p77bQfhLR-2eYO2x_Mej_KHnOQ3FnclCYmwVUkbWzMzsHQbuoRD9C-kk8xmERiZ-O_t3JX00o2LzNmBZuWcwrzG1dfeL-R5Rt3NENd_U8a6M5X4PISHN8CZEXx_J8vv6OzkAym-dc7QmUywcAi6g9JuzJGjH113HCGBz2HpPfS69jCSMvthoz2Q-i8R9qv9F4SnSx3KL19SwJ7vtNYqawcn&amp;__tn__=-UC-R\" target=\"_blank\" rel=\"noopener noreferrer\">ici<\/a><\/strong><\/p>\n\n\n<p><\/p>\n","protected":false},"excerpt":{"rendered":"<p>Malgr\u00e9 un faible nombre d&rsquo;engag\u00e9s, ce rallye du Mare e Machja n&rsquo;\u00e9tait pas d\u00e9nu\u00e9 d&rsquo;int\u00e9r\u00eat. La victoire finale s&rsquo;annon\u00e7ait disput\u00e9e, et les favoris ont assum\u00e9 leur statut pour nous offrir du beau spectacle.<\/p>\n","protected":false},"author":2,"featured_media":3155,"comment_status":"closed","ping_status":"closed","sticky":false,"template":"","format":"standard","meta":{"ngg_post_thumbnail":0,"footnotes":""},"categories":[11,4],"tags":[],"class_list":["post-3135","post","type-post","status-publish","format-standard","has-post-thumbnail","hentry","category-11","category-news"],"_links":{"self":[{"href":"https:\/\/rallyecorse.com\/index.php\/wp-json\/wp\/v2\/posts\/3135","targetHints":{"allow":["GET"]}}],"collection":[{"href":"https:\/\/rallyecorse.com\/index.php\/wp-json\/wp\/v2\/posts"}],"about":[{"href":"https:\/\/rallyecorse.com\/index.php\/wp-json\/wp\/v2\/types\/post"}],"author":[{"embeddable":true,"href":"https:\/\/rallyecorse.com\/index.php\/wp-json\/wp\/v2\/users\/2"}],"replies":[{"embeddable":true,"href":"https:\/\/rallyecorse.com\/index.php\/wp-json\/wp\/v2\/comments?post=3135"}],"version-history":[{"count":13,"href":"https:\/\/rallyecorse.com\/index.php\/wp-json\/wp\/v2\/posts\/3135\/revisions"}],"predecessor-version":[{"id":3161,"href":"https:\/\/rallyecorse.com\/index.php\/wp-json\/wp\/v2\/posts\/3135\/revisions\/3161"}],"wp:featuredmedia":[{"embeddable":true,"href":"https:\/\/rallyecorse.com\/index.php\/wp-json\/wp\/v2\/media\/3155"}],"wp:attachment":[{"href":"https:\/\/rallyecorse.com\/index.php\/wp-json\/wp\/v2\/media?parent=3135"}],"wp:term":[{"taxonomy":"category","embeddable":true,"href":"https:\/\/rallyecorse.com\/index.php\/wp-json\/wp\/v2\/categories?post=3135"},{"taxonomy":"post_tag","embeddable":true,"href":"https:\/\/rallyecorse.com\/index.php\/wp-json\/wp\/v2\/tags?post=3135"}],"curies":[{"name":"wp","href":"https:\/\/api.w.org\/{rel}","templated":true}]}}