{"id":3624,"date":"2020-01-12T17:08:38","date_gmt":"2020-01-12T16:08:38","guid":{"rendered":"http:\/\/rallyecorse.com\/?p=3624"},"modified":"2020-01-12T20:09:49","modified_gmt":"2020-01-12T19:09:49","slug":"lasa-bastiaise-fait-assemblee-generale","status":"publish","type":"post","link":"https:\/\/rallyecorse.com\/index.php\/2020\/01\/12\/lasa-bastiaise-fait-assemblee-generale\/","title":{"rendered":"L&rsquo;ASA Bastiaise fait son Assembl\u00e9e G\u00e9n\u00e9rale !"},"content":{"rendered":"<p><strong>D\u00e9but d&rsquo;ann\u00e9e oblige, l&rsquo;ASA Bastiaise faisait hier son Assembl\u00e9e G\u00e9n\u00e9rale. L&rsquo;occasion de dresser le bilan financier et sportif de 2019, et de parler de 2020.<\/strong><\/p>\nngg_shortcode_0_placeholder\n<p><strong>Daniel Baldassari, en sa qualit\u00e9 de Pr\u00e9sident, \u00e0 ouvert la s\u00e9ance par le bilan financier de l&rsquo;ASA. Un bilan positif, puisque la Ronde de la Giraglia, et le Rallye du Nebbiu, ont permis de faire un petit b\u00e9n\u00e9fice, qui permet ainsi d&rsquo;avoir les comptes \u00e0 l&rsquo;\u00e9quilibre avec les divers investissements. Un exercice compliqu\u00e9, mais dont les diff\u00e9rentes ASA insulaires arrivent \u00e0 s&rsquo;acquitter, et ainsi pouvoir continuer \u00e0 nous proposer des rallyes.<\/strong><\/p>\n<p><strong>Du c\u00f4t\u00e9 du nombre de licenci\u00e9s, l\u00e0 aussi les voyants sont au vert, puisque la progression continue. Une cinquantaine de nouveaux licenci\u00e9s sont ainsi venir grossir les rangs de l&rsquo;ASA Bastiaise lors de la saison 2019.<\/strong><\/p>\nngg_shortcode_1_placeholder\n<p><strong>Au niveau du bilan sportif, plusieurs informations sont \u00e0 retenir.<\/strong><\/p>\n<p><strong>Le nombre important d&rsquo;engag\u00e9s confirme la bonne forme des deux \u00e9preuves que sont la Giraglia et le Nebbiu, et permet d&rsquo;envisager la saison \u00e0 venir sereinement. Mais l&rsquo;ASA Bastiaise ne s&rsquo;endort pas sur ses lauriers, puisque des changements vont \u00eatre op\u00e9r\u00e9s au niveau des parcours, apr\u00e8s les diff\u00e9rentes remont\u00e9es d&rsquo;informations. Pour la Giraglia la sp\u00e9ciale de Barcaggio ne sera ainsi pas reconduite, tout comme celle de Rapale pour le rallye du Nebbiu. L&rsquo;objectif est de toujours s&rsquo;am\u00e9liorer, tout en r\u00e9pondant aux attentes des \u00e9quipages.<br><\/strong><\/p>\n<p><strong>Dans cette optique l&rsquo;ASA Bastiaise avait comme objectif de faire int\u00e9grer la Giraglia, pour sa 50e \u00e9dition, au Championnat de France de 1\u00e8re Division. Malgr\u00e9 un rapport plus que positif de la part des observateurs de la FFSA, cela ne pourra pas se faire pour 2020&#8230; mais Daniel Baldassari l&rsquo;a annonc\u00e9, il ne l\u00e2chera pas l&rsquo;affaire.<\/strong><\/p>\nngg_shortcode_2_placeholder\n<p><strong>L&rsquo;une des nouveaut\u00e9s 2020 pour la Giraglia sera le jumelage avec le rallye de la Sainte Baume (qui aura lieu les 6 &amp; 7 Mars), autre \u00e9preuve comptant pour le Championnat de France de 2e Division.<\/strong><\/p>\nngg_shortcode_3_placeholder\n<p><span style=\"color: #ff0000;\">&nbsp;<\/span><strong>Un challenge sera ainsi mis en place, et les quatre meilleurs \u00e9quipages ayant particip\u00e9 aux deux \u00e9preuves seront r\u00e9compens\u00e9s. A noter \u00e9galement que la participation \u00e0 ce challenge permet de b\u00e9n\u00e9ficier d&rsquo;une r\u00e9duction sur l&rsquo;engagement.<br><\/strong><\/p>\n<p><strong>Avec la proximit\u00e9 g\u00e9ographique de ces deux rallyes, voil\u00e0 qui pourrait en int\u00e9resser plus d&rsquo;un.<\/strong><\/p>\n<p><strong>L&rsquo;itin\u00e9raire provisoire de l&rsquo;\u00e9dition 2020 de la Giraglia a \u00e9t\u00e9 d\u00e9voil\u00e9, et promet donc des nouveaut\u00e9s. La premi\u00e8re est au niveau des dates, puisque le rallye se d\u00e9roulera le Vendredi et le Samedi (29 &amp; 30 Mai).<br><\/strong><\/p>\n<p><strong>Les v\u00e9rifications administratives et techniques se d\u00e9rouleront le Vendredi matin. L&rsquo;apr\u00e8s-midi un premier tour sera effectu\u00e9 de jour, avant un second tour de nuit ; un second tour que n&rsquo;effectueront pas les VHC et VHRS pour des raisons de timing.<\/strong><\/p>\n<p><strong>Le parc d&rsquo;assistance sera enti\u00e8rement install\u00e9 sur la Place Saint Nicolas, en plein coeur de la ville, permettant ainsi aux bastiais ne pouvant se rendre dans les sp\u00e9ciales de voir au plus pr\u00e8s voitures et \u00e9quipages.<br><\/strong><\/p>\n<p><strong>Voici l&rsquo;itin\u00e9raire provisoire d\u00e9voil\u00e9 :<\/strong><\/p>\n<p><strong><span style=\"color: #ff0000;\">Etape 1<\/span> &#8211; Vendredi 29 Mai<\/strong><\/p>\n<p><strong><span style=\"color: #0000ff;\">ES 1<\/span> : Cagnano &#8211; Canari (32,33 km) \/ <span style=\"color: #0000ff;\">16h04<\/span><br><span style=\"color: #0000ff;\">ES 2<\/span> : Saint Florent &#8211; Col de Teghime (10,43 km) \/<span style=\"color: #0000ff;\"> 17h27<\/span><br><em>Parc de regroupement<\/em> &#8211; Place Saint Nicolas (1h10)<br><span style=\"color: #0000ff;\">ES 3<\/span> : Cagnano &#8211; Canari (32,33 km) \/ <span style=\"color: #0000ff;\">20h41<\/span><br><span style=\"color: #0000ff;\">ES 4<\/span> : Saint Florent &#8211; Col de Teghime (10,43 km) \/ <span style=\"color: #0000ff;\">22h04<\/span><br><\/strong><\/p>\n<p><strong><span style=\"color: #ff0000;\">Etape 2<\/span> &#8211; Samedi 30 Mai<\/strong><\/p>\n<p><strong><span style=\"color: #0000ff;\">ES 5<\/span> : Macinaggio &#8211; Ersa (11,70 km) \/ <span style=\"color: #0000ff;\">11h48<\/span><br><span style=\"color: #0000ff;\">ES 6<\/span> : Morsiglia &#8211; Cagnano (23,01 km) \/ <span style=\"color: #0000ff;\">12h31<\/span><br><span style=\"color: #0000ff;\">ES 7<\/span> : Macinaggio &#8211; Ersa (11,70 km) \/ <span style=\"color: #0000ff;\">15h42<\/span><br><span style=\"color: #0000ff;\">ES 8<\/span> : Morsiglia &#8211; Cagnano (23,01 km) \/ <span style=\"color: #0000ff;\">16h25<\/span><br><em>Parc de regroupement<\/em> &#8211; Place Saint Nicolas (2h30)<br><span style=\"color: #0000ff;\">ES 9<\/span> : Cardo &#8211; Fango Bastia (3,00 km) \/ <span style=\"color: #0000ff;\">21h03<\/span><br><\/strong><\/p>\n<p><strong>Concernant le rallye du Nebbiu un retour sur la sp\u00e9ciale de Casta est envisag\u00e9 pour remplacer la sp\u00e9ciale de Rapale, mais certaines contraintes administratives pourrait obliger les organisateurs bastiais \u00e0 changer leurs plans. A l&rsquo;heure actuelle il \u00e9tait donc bien trop t\u00f4t pour eux pour pr\u00e9senter un itin\u00e9raire provisoire.<\/strong><\/p>\n<p><strong>Apr\u00e8s avoir d\u00e9voil\u00e9 les grandes lignes de la Giraglia 2020, l&rsquo;ASA Bastiaise a r\u00e9compens\u00e9 ses licenci\u00e9s.<br><\/strong><\/p>\nngg_shortcode_4_placeholder\n<p><strong>Ont ainsi \u00e9t\u00e9 r\u00e9compens\u00e9s les trois premiers pilotes, et les trois premiers copilotes.<\/strong><\/p>\n<p><strong><span style=\"color: #0000ff;\">Pilotes :<\/span><br>1 \/ Christophe CLAUDE<br>2 \/ G\u00e9rard NICOLI<br>3 \/ Myriam PERETTI<br>4 \/ Fran\u00e7ois-Marie GHELARDINI (meilleur jeune)<br>1er VHC : Daniel LIMONGI<\/strong><\/p>\nngg_shortcode_5_placeholder\n<p><strong><span style=\"color: #0000ff;\">Copilotes :<\/span><br>1 \/ Marie SCANIGLIA<br>2 \/ Laurent GOIA<br>3 \/ Marie-Flore GALTIERI<br>1er VHC : Nicolas LEONELLI<br><\/strong><\/p>\nngg_shortcode_6_placeholder\n<p><strong>L&rsquo;ASA a \u00e9galement r\u00e9compens\u00e9 d&rsquo;autres licenci\u00e9s.<\/strong><\/p>\n<p><strong>C\u00f4t\u00e9 commissaires, Antoine Angelini a \u00e9t\u00e9 r\u00e9compens\u00e9 pour ses nombreuses ann\u00e9es au sein de l&rsquo;ASA Bastiaise. Christian Canada a \u00e9t\u00e9 r\u00e9compens\u00e9 pour sa pr\u00e9sence sur toutes les \u00e9preuves insulaires, et sa bonne gestion des commissaires.<br><\/strong><\/p>\nngg_shortcode_7_placeholder\n<p><strong>Un troph\u00e9e d&rsquo;honneur a aussi \u00e9t\u00e9 remis \u00e0 Daniel Baldassari pour ses 45 ans au service du sport automobile insulaire, dont trente en tant que Pr\u00e9sident de l&rsquo;ASA. Celui-ci n&rsquo;a pas manqu\u00e9 de saluer les jeunes qui se sont impliqu\u00e9s au sein de l&rsquo;ASA&#8230; et de leur rappeler que 2020 \u00e9tait une ann\u00e9e \u00e9lective. Un appel du pied pour passer le flambeau, tout en voulant continuer \u00e0 aider. <br><\/strong><\/p>\nngg_shortcode_8_placeholder\n<p><strong>L&rsquo;assembl\u00e9e s&rsquo;est termin\u00e9e autour du verre de l&rsquo;amiti\u00e9, et de la galette des rois.<\/strong><\/p>\n\n\n<p> <\/p>\n","protected":false},"excerpt":{"rendered":"<p>D\u00e9but d&rsquo;ann\u00e9e oblige, l&rsquo;ASA Bastiaise faisait hier son Assembl\u00e9e G\u00e9n\u00e9rale. L&rsquo;occasion de dresser le bilan financier et sportif de 2019,&hellip; <a class=\"read-more\" href=\"https:\/\/rallyecorse.com\/index.php\/2020\/01\/12\/lasa-bastiaise-fait-assemblee-generale\/\">Continuer la lecture<\/a><\/p>\n","protected":false},"author":2,"featured_media":3647,"comment_status":"closed","ping_status":"closed","sticky":false,"template":"","format":"standard","meta":{"ngg_post_thumbnail":0,"footnotes":""},"categories":[16],"tags":[],"class_list":["post-3624","post","type-post","status-publish","format-standard","has-post-thumbnail","hentry","category-16"],"_links":{"self":[{"href":"https:\/\/rallyecorse.com\/index.php\/wp-json\/wp\/v2\/posts\/3624","targetHints":{"allow":["GET"]}}],"collection":[{"href":"https:\/\/rallyecorse.com\/index.php\/wp-json\/wp\/v2\/posts"}],"about":[{"href":"https:\/\/rallyecorse.com\/index.php\/wp-json\/wp\/v2\/types\/post"}],"author":[{"embeddable":true,"href":"https:\/\/rallyecorse.com\/index.php\/wp-json\/wp\/v2\/users\/2"}],"replies":[{"embeddable":true,"href":"https:\/\/rallyecorse.com\/index.php\/wp-json\/wp\/v2\/comments?post=3624"}],"version-history":[{"count":17,"href":"https:\/\/rallyecorse.com\/index.php\/wp-json\/wp\/v2\/posts\/3624\/revisions"}],"predecessor-version":[{"id":3670,"href":"https:\/\/rallyecorse.com\/index.php\/wp-json\/wp\/v2\/posts\/3624\/revisions\/3670"}],"wp:featuredmedia":[{"embeddable":true,"href":"https:\/\/rallyecorse.com\/index.php\/wp-json\/wp\/v2\/media\/3647"}],"wp:attachment":[{"href":"https:\/\/rallyecorse.com\/index.php\/wp-json\/wp\/v2\/media?parent=3624"}],"wp:term":[{"taxonomy":"category","embeddable":true,"href":"https:\/\/rallyecorse.com\/index.php\/wp-json\/wp\/v2\/categories?post=3624"},{"taxonomy":"post_tag","embeddable":true,"href":"https:\/\/rallyecorse.com\/index.php\/wp-json\/wp\/v2\/tags?post=3624"}],"curies":[{"name":"wp","href":"https:\/\/api.w.org\/{rel}","templated":true}]}}