{"id":3798,"date":"2020-03-10T23:30:00","date_gmt":"2020-03-10T22:30:00","guid":{"rendered":"http:\/\/rallyecorse.com\/?p=3798"},"modified":"2020-03-11T11:34:45","modified_gmt":"2020-03-11T10:34:45","slug":"le-rallye-du-pays-ajaccien-reporte","status":"publish","type":"post","link":"https:\/\/rallyecorse.com\/index.php\/2020\/03\/10\/le-rallye-du-pays-ajaccien-reporte\/","title":{"rendered":"Le Rallye du Pays Ajaccien report\u00e9 !!"},"content":{"rendered":"<p><strong>Des bruits de couloirs se faisaient entendre depuis plusieurs jours, et notamment le week-end dernier lors du Rallye d&rsquo;Eccica-Suarella.<\/strong><\/p>\n<p><strong>Alors que le Rallye du Pays Ajaccien devait se d\u00e9rouler dans \u00e0 peine plus de 2 semaines, la Ligue Corse du Sport Automobile a publi\u00e9 un communiqu\u00e9 ce soir annon\u00e7ant l&rsquo;annulation de toutes les manifestations sportives automobiles jusqu&rsquo;au 12 Avril inclus, s&rsquo;appuyant sur <a href=\"http:\/\/www.corse-du-sud.gouv.fr\/coronavirus-en-corse-du-sud-a2344.html\" target=\"_blank\" rel=\"noopener noreferrer\">l&rsquo;arr\u00eat\u00e9 pr\u00e9fectoral du 8 Mars<\/a>.<br \/>\n<\/strong><\/p>\n<p><strong>La raison est le caract\u00e8re actif de propagation du virus COVID-19 (plus connu sous le nom de Coronavirus) sur le territoire national, et le risque pour la sant\u00e9 publique.<br \/>\n<\/strong><\/p>\n<p>ngg_shortcode_0_placeholder<strong>De ce fait le Rallye du Pays Ajaccien, qui \u00e9tait pr\u00e9vu du 27 au 29 Mars prochain, est report\u00e9 \u00e0 une date ult\u00e9rieure. La date du 19 au 21 Juin est envisag\u00e9e, pour un jumelage avec le Rallye du Prunelli pr\u00e9vu \u00e0 cette date, et qui est \u00e9galement organis\u00e9 par l&rsquo;ASA Corsica.<br \/>\n<\/strong><\/p>\n<p><strong>Rappelons qu&rsquo;\u00e0 l&rsquo;heure actuelle la Corse compte 42 cas de Coronavirus, dont 36 sur Ajaccio, et a fait deux victimes.<\/strong><\/p>\n<p><strong>Aucune annonce n&rsquo;a \u00e9t\u00e9 faites concernant le Cap sur la Balagne Historique, mais celui-ci \u00e9tant initialement programm\u00e9 les 4 &amp; 5 Avril, il est \u00e9galement concern\u00e9 par ce communiqu\u00e9 de la Ligue.<\/strong><\/p>\n","protected":false},"excerpt":{"rendered":"<p>Le Rallye du Pays Ajaccien qui devait se d\u00e9rouler dans \u00e0 peine plus de\u00a0 2 semaines est report\u00e9 en raison du risque de propagation du Coronavirus !<\/p>\n","protected":false},"author":2,"featured_media":3816,"comment_status":"closed","ping_status":"closed","sticky":false,"template":"","format":"standard","meta":{"ngg_post_thumbnail":0,"footnotes":""},"categories":[1],"tags":[],"class_list":["post-3798","post","type-post","status-publish","format-standard","has-post-thumbnail","hentry","category-non-classe"],"_links":{"self":[{"href":"https:\/\/rallyecorse.com\/index.php\/wp-json\/wp\/v2\/posts\/3798","targetHints":{"allow":["GET"]}}],"collection":[{"href":"https:\/\/rallyecorse.com\/index.php\/wp-json\/wp\/v2\/posts"}],"about":[{"href":"https:\/\/rallyecorse.com\/index.php\/wp-json\/wp\/v2\/types\/post"}],"author":[{"embeddable":true,"href":"https:\/\/rallyecorse.com\/index.php\/wp-json\/wp\/v2\/users\/2"}],"replies":[{"embeddable":true,"href":"https:\/\/rallyecorse.com\/index.php\/wp-json\/wp\/v2\/comments?post=3798"}],"version-history":[{"count":9,"href":"https:\/\/rallyecorse.com\/index.php\/wp-json\/wp\/v2\/posts\/3798\/revisions"}],"predecessor-version":[{"id":3823,"href":"https:\/\/rallyecorse.com\/index.php\/wp-json\/wp\/v2\/posts\/3798\/revisions\/3823"}],"wp:featuredmedia":[{"embeddable":true,"href":"https:\/\/rallyecorse.com\/index.php\/wp-json\/wp\/v2\/media\/3816"}],"wp:attachment":[{"href":"https:\/\/rallyecorse.com\/index.php\/wp-json\/wp\/v2\/media?parent=3798"}],"wp:term":[{"taxonomy":"category","embeddable":true,"href":"https:\/\/rallyecorse.com\/index.php\/wp-json\/wp\/v2\/categories?post=3798"},{"taxonomy":"post_tag","embeddable":true,"href":"https:\/\/rallyecorse.com\/index.php\/wp-json\/wp\/v2\/tags?post=3798"}],"curies":[{"name":"wp","href":"https:\/\/api.w.org\/{rel}","templated":true}]}}