{"id":3824,"date":"2020-03-11T18:10:25","date_gmt":"2020-03-11T17:10:25","guid":{"rendered":"http:\/\/rallyecorse.com\/?p=3824"},"modified":"2020-03-11T18:13:29","modified_gmt":"2020-03-11T17:13:29","slug":"le-rallye-du-pays-ajaccien-aura-lieu-du-19-au-21-juin","status":"publish","type":"post","link":"https:\/\/rallyecorse.com\/index.php\/2020\/03\/11\/le-rallye-du-pays-ajaccien-aura-lieu-du-19-au-21-juin\/","title":{"rendered":"Le Rallye du Pays Ajaccien aura lieu du 19 au 21 Juin !"},"content":{"rendered":"<p><strong>Hier soir la Ligue Corse du Sport Automobile annon\u00e7ait l&rsquo;annulation des \u00e9preuves automobiles jusqu&rsquo;au 12 Avril inclus, et par l\u00e0 m\u00eame le report du Rallye du Pays Ajaccien, qui devait avoir lieu du 27 au 29 Mars prochain.<\/strong><\/p>\n<p><strong>Dans un calendrier des rallyes insulaires d\u00e9j\u00e0 bien charg\u00e9 il n&rsquo;\u00e9tait pas \u00e9vident de trouver une nouvelle date, mais l&rsquo;ASA Corsica a de la ressource, et des id\u00e9es. Ainsi le rallye se d\u00e9roulera du 19 au 21 Juin, dates initialement pr\u00e9vu pour le Rallye du Prunelli, un rallye organis\u00e9 aussi par l&rsquo;ASA Corsica.<\/strong><\/p>\n<p><strong>Afin de ne pas remplacer compl\u00e8tement ce rallye r\u00e9gional, une solution a \u00e9t\u00e9 choisie. Les deux premi\u00e8res \u00e9tapes (du vendredi et du samedi) resteront identiques \u00e0 ce qui \u00e9tait pr\u00e9vu pour le Pays Ajaccien, et la troisi\u00e8me \u00e9tape reprendra le parcours normalement pr\u00e9vu pour le Prunelli.<\/strong><\/p>\n<p><strong>Si cette solution fera grincer des dents chez certains, elle apparait comme un bon compromis pour satisfaire au mieux les \u00e9quipages, tout en respectant les engagements aupr\u00e8s des maires des diff\u00e9rentes communes.<\/strong><\/p>\n<p><strong>Du c\u00f4t\u00e9 de la situation sanitaire \u00e0 Ajaccio, le nombre de cas de Covid-19 est mont\u00e9 \u00e0 44, et trois personnes sont d\u00e9c\u00e9d\u00e9es.&nbsp; Ce qui renforce un peu plus la d\u00e9cision de prudence prise par la Ligue hier.<\/strong><\/p>\n","protected":false},"excerpt":{"rendered":"<p>Une nouvelle date a d\u00e9j\u00e0 \u00e9t\u00e9 trouv\u00e9e pour le Rallye du Pays Ajaccien !<\/p>\n","protected":false},"author":2,"featured_media":3825,"comment_status":"closed","ping_status":"closed","sticky":false,"template":"","format":"standard","meta":{"ngg_post_thumbnail":0,"footnotes":""},"categories":[1],"tags":[],"class_list":["post-3824","post","type-post","status-publish","format-standard","has-post-thumbnail","hentry","category-non-classe"],"_links":{"self":[{"href":"https:\/\/rallyecorse.com\/index.php\/wp-json\/wp\/v2\/posts\/3824","targetHints":{"allow":["GET"]}}],"collection":[{"href":"https:\/\/rallyecorse.com\/index.php\/wp-json\/wp\/v2\/posts"}],"about":[{"href":"https:\/\/rallyecorse.com\/index.php\/wp-json\/wp\/v2\/types\/post"}],"author":[{"embeddable":true,"href":"https:\/\/rallyecorse.com\/index.php\/wp-json\/wp\/v2\/users\/2"}],"replies":[{"embeddable":true,"href":"https:\/\/rallyecorse.com\/index.php\/wp-json\/wp\/v2\/comments?post=3824"}],"version-history":[{"count":2,"href":"https:\/\/rallyecorse.com\/index.php\/wp-json\/wp\/v2\/posts\/3824\/revisions"}],"predecessor-version":[{"id":3827,"href":"https:\/\/rallyecorse.com\/index.php\/wp-json\/wp\/v2\/posts\/3824\/revisions\/3827"}],"wp:featuredmedia":[{"embeddable":true,"href":"https:\/\/rallyecorse.com\/index.php\/wp-json\/wp\/v2\/media\/3825"}],"wp:attachment":[{"href":"https:\/\/rallyecorse.com\/index.php\/wp-json\/wp\/v2\/media?parent=3824"}],"wp:term":[{"taxonomy":"category","embeddable":true,"href":"https:\/\/rallyecorse.com\/index.php\/wp-json\/wp\/v2\/categories?post=3824"},{"taxonomy":"post_tag","embeddable":true,"href":"https:\/\/rallyecorse.com\/index.php\/wp-json\/wp\/v2\/tags?post=3824"}],"curies":[{"name":"wp","href":"https:\/\/api.w.org\/{rel}","templated":true}]}}