{"id":3828,"date":"2020-03-16T18:51:07","date_gmt":"2020-03-16T17:51:07","guid":{"rendered":"http:\/\/rallyecorse.com\/?p=3828"},"modified":"2020-03-16T18:52:09","modified_gmt":"2020-03-16T17:52:09","slug":"pierre-louis-loubet-devoile-ses-nouvelles-couleurs","status":"publish","type":"post","link":"https:\/\/rallyecorse.com\/index.php\/2020\/03\/16\/pierre-louis-loubet-devoile-ses-nouvelles-couleurs\/","title":{"rendered":"Pierre-Louis Loubet d\u00e9voile ses nouvelles couleurs !"},"content":{"rendered":"<p><strong>Apr\u00e8s nous avoir pr\u00e9sent\u00e9 fin Janvier son programme pour la saison 2020, Pierre-Louis Loubet a d\u00e9voil\u00e9 aujourd&rsquo;hui les couleurs de sa nouvelle auto.<\/strong><\/p>\n<p><strong>C&rsquo;est donc au volant d&rsquo;un Hyundai i20 WRC que le pilote porto-vecchiais participera \u00e0 neuf manches du championnat du monde des rallyes (Portugal, Sardaigne, Kenya, Finlande, Nouvelle-Z\u00e9lande, Turquie, Allemagne, Grande-Bretagne, Japon), au sein du <span id=\"fbPhotoSnowliftCaption\" class=\"fbPhotosPhotoCaption\" tabindex=\"0\" aria-live=\"polite\" data-ft=\"{&quot;tn&quot;:&quot;K&quot;}\"><span class=\"hasCaption\">Customer Racing Junior Driver.<\/span><\/span><br><\/strong><\/p>\nngg_shortcode_0_placeholder\n<p><strong>Pour ce nouveau d\u00e9fi il sera toujours copilot\u00e9 par Vincent Landais, et \u00e9voluera dans la structure 2C Comp\u00e9tition, avec qui il a conquis le titre WRC-2 la saison pass\u00e9e.<\/strong><\/p>\n<p><strong>Les d\u00e9buts sont th\u00e9oriquement programm\u00e9s du 21 au 24 Mai au Portugal, mais dans le contexte sanitaire actuel du Coronavirus, rien est certain. Rappelons que le rallye du Mexique qui avait lieu la semaine derni\u00e8re a \u00e9t\u00e9 amput\u00e9e de l&rsquo;\u00e9tape du Dimanche afin de pouvoir permettre aux \u00e9quipes et aux pilotes de pouvoir rentrer en Europe, o\u00f9 des mesures importantes de confinement sont prises.<\/strong><\/p>\n\n\n<p><\/p>\n","protected":false},"excerpt":{"rendered":"<p>Apr\u00e8s nous avoir pr\u00e9sent\u00e9 fin Janvier son programme pour la saison 2020, Pierre-Louis Loubet a d\u00e9voil\u00e9 aujourd&rsquo;hui les couleurs de sa nouvelle auto.<\/p>\n","protected":false},"author":2,"featured_media":3831,"comment_status":"closed","ping_status":"closed","sticky":false,"template":"","format":"standard","meta":{"ngg_post_thumbnail":0,"footnotes":""},"categories":[1],"tags":[],"class_list":["post-3828","post","type-post","status-publish","format-standard","has-post-thumbnail","hentry","category-non-classe"],"_links":{"self":[{"href":"https:\/\/rallyecorse.com\/index.php\/wp-json\/wp\/v2\/posts\/3828","targetHints":{"allow":["GET"]}}],"collection":[{"href":"https:\/\/rallyecorse.com\/index.php\/wp-json\/wp\/v2\/posts"}],"about":[{"href":"https:\/\/rallyecorse.com\/index.php\/wp-json\/wp\/v2\/types\/post"}],"author":[{"embeddable":true,"href":"https:\/\/rallyecorse.com\/index.php\/wp-json\/wp\/v2\/users\/2"}],"replies":[{"embeddable":true,"href":"https:\/\/rallyecorse.com\/index.php\/wp-json\/wp\/v2\/comments?post=3828"}],"version-history":[{"count":4,"href":"https:\/\/rallyecorse.com\/index.php\/wp-json\/wp\/v2\/posts\/3828\/revisions"}],"predecessor-version":[{"id":3836,"href":"https:\/\/rallyecorse.com\/index.php\/wp-json\/wp\/v2\/posts\/3828\/revisions\/3836"}],"wp:featuredmedia":[{"embeddable":true,"href":"https:\/\/rallyecorse.com\/index.php\/wp-json\/wp\/v2\/media\/3831"}],"wp:attachment":[{"href":"https:\/\/rallyecorse.com\/index.php\/wp-json\/wp\/v2\/media?parent=3828"}],"wp:term":[{"taxonomy":"category","embeddable":true,"href":"https:\/\/rallyecorse.com\/index.php\/wp-json\/wp\/v2\/categories?post=3828"},{"taxonomy":"post_tag","embeddable":true,"href":"https:\/\/rallyecorse.com\/index.php\/wp-json\/wp\/v2\/tags?post=3828"}],"curies":[{"name":"wp","href":"https:\/\/api.w.org\/{rel}","templated":true}]}}