{"id":6122,"date":"2020-10-29T20:53:10","date_gmt":"2020-10-29T19:53:10","guid":{"rendered":"http:\/\/rallyecorse.com\/?p=6122"},"modified":"2020-10-29T20:58:41","modified_gmt":"2020-10-29T19:58:41","slug":"la-montee-historique-de-borgo-annulee-a-son-tour","status":"publish","type":"post","link":"https:\/\/rallyecorse.com\/index.php\/2020\/10\/29\/la-montee-historique-de-borgo-annulee-a-son-tour\/","title":{"rendered":"La Mont\u00e9e Historique de Borgo annul\u00e9e \u00e0 son tour !"},"content":{"rendered":"<p><strong>Apr\u00e8s l&rsquo;annonce Mardi soir par le Pr\u00e9sident de la R\u00e9publique d&rsquo;un nouveau confinement, jusqu&rsquo;au 1er D\u00e9cembre minimum, le sort de ce qui devait \u00eatre la premi\u00e8re \u00e9dition de la Mont\u00e9e Historique de Borgo \u00e9tait scell\u00e9 ; l&rsquo;annonce officielle de son annulation est tomb\u00e9e cet apr\u00e8s-midi.<\/strong><\/p>\n<p>ngg_shortcode_0_placeholder<strong>Nouvelle venue dans le calendrier des Mont\u00e9es Historiques, Borgo \u00e9tait initialement pr\u00e9vue les 6 et 7 Juin. Avec le premier confinement de d\u00e9but d&rsquo;ann\u00e9e, et ses cons\u00e9quences, la d\u00e9cision avait \u00e9t\u00e9 prise de la reporter. En accord avec la Ligue Corse du Sport Automobile, une nouvelle date avait \u00e9t\u00e9 trouv\u00e9e, les 21 et 22 Novembre.<\/strong><\/p>\n<p><strong>Le programme devait s&rsquo;\u00e9taler sur deux jours. Apr\u00e8s les incontournables v\u00e9rifications administratives et techniques, les bolides devaient s&rsquo;\u00e9lancer pour deux mont\u00e9es Samedi apr\u00e8s-midi entre Funtanone di Vignale et Vignale (5,2 km). La f\u00eate devait se poursuivre le lendemain matin, avec de nouveau deux mont\u00e9es, entre Borgo village et Vignale (5,5 km).<\/strong><\/p>\n<p><strong>Avec l&rsquo;annonce d&rsquo;un nouveau confinement mardi soir, le couperet est tomb\u00e9. Pas de report cette fois-ci, mais une annulation que les organisateurs ont officialis\u00e9 ce jour.<\/strong><\/p>\n<p><strong>Derni\u00e8re \u00e9preuve restant au calendrier des rallyes insulaires, le rallye de Balagne devrait se d\u00e9rouler les 12 et 13 D\u00e9cembre prochain&#8230; mais avec un confinement qui pourrait \u00eatre prolonger suivant l&rsquo;\u00e9volution de la situation, il n&rsquo;est pas certain que la saison puisse aller \u00e0 son terme.<\/strong><\/p>\n","protected":false},"excerpt":{"rendered":"<p>Apr\u00e8s l&rsquo;annonce d&rsquo;un nouveau confinement, la premi\u00e8re \u00e9dition de la Mont\u00e9e Historique de Borgo est logiquement annul\u00e9e.<\/p>\n","protected":false},"author":2,"featured_media":6125,"comment_status":"closed","ping_status":"closed","sticky":false,"template":"","format":"standard","meta":{"ngg_post_thumbnail":0,"footnotes":""},"categories":[1],"tags":[],"class_list":["post-6122","post","type-post","status-publish","format-standard","has-post-thumbnail","hentry","category-non-classe"],"_links":{"self":[{"href":"https:\/\/rallyecorse.com\/index.php\/wp-json\/wp\/v2\/posts\/6122","targetHints":{"allow":["GET"]}}],"collection":[{"href":"https:\/\/rallyecorse.com\/index.php\/wp-json\/wp\/v2\/posts"}],"about":[{"href":"https:\/\/rallyecorse.com\/index.php\/wp-json\/wp\/v2\/types\/post"}],"author":[{"embeddable":true,"href":"https:\/\/rallyecorse.com\/index.php\/wp-json\/wp\/v2\/users\/2"}],"replies":[{"embeddable":true,"href":"https:\/\/rallyecorse.com\/index.php\/wp-json\/wp\/v2\/comments?post=6122"}],"version-history":[{"count":2,"href":"https:\/\/rallyecorse.com\/index.php\/wp-json\/wp\/v2\/posts\/6122\/revisions"}],"predecessor-version":[{"id":6128,"href":"https:\/\/rallyecorse.com\/index.php\/wp-json\/wp\/v2\/posts\/6122\/revisions\/6128"}],"wp:featuredmedia":[{"embeddable":true,"href":"https:\/\/rallyecorse.com\/index.php\/wp-json\/wp\/v2\/media\/6125"}],"wp:attachment":[{"href":"https:\/\/rallyecorse.com\/index.php\/wp-json\/wp\/v2\/media?parent=6122"}],"wp:term":[{"taxonomy":"category","embeddable":true,"href":"https:\/\/rallyecorse.com\/index.php\/wp-json\/wp\/v2\/categories?post=6122"},{"taxonomy":"post_tag","embeddable":true,"href":"https:\/\/rallyecorse.com\/index.php\/wp-json\/wp\/v2\/tags?post=6122"}],"curies":[{"name":"wp","href":"https:\/\/api.w.org\/{rel}","templated":true}]}}