{"id":6299,"date":"2021-01-29T14:59:24","date_gmt":"2021-01-29T13:59:24","guid":{"rendered":"http:\/\/rallyecorse.com\/?p=6299"},"modified":"2021-01-29T15:08:08","modified_gmt":"2021-01-29T14:08:08","slug":"le-rallye-de-porto-vecchio-annule","status":"publish","type":"post","link":"https:\/\/rallyecorse.com\/index.php\/2021\/01\/29\/le-rallye-de-porto-vecchio-annule\/","title":{"rendered":"Le rallye de Porto-Vecchio annul\u00e9 !!"},"content":{"rendered":"<p><strong>Initialement pr\u00e9vu \u00e0 Eccica-Suarella le 24 Janvier dernier, le d\u00e9but de la saison 2021 avait finalement \u00e9t\u00e9 repouss\u00e9 \u00e0 Porto-Vecchio le 13 F\u00e9vrier, apr\u00e8s que l&rsquo;ASACC Tour de Corse n&rsquo;ait pas re\u00e7u les autorisations pr\u00e9fectorales n\u00e9cessaires afin d&rsquo;organiser son \u00e9preuve r\u00e9gionale.<br \/>\n<\/strong><\/p>\n<p><strong>Malheureusement, au moment de cette premi\u00e8re annonce, d&rsquo;importants doutes pesaient d\u00e9j\u00e0 sur la bonne tenue du rallye de la cit\u00e9 du sel.<\/strong><\/p>\n<p><strong>Avec un parcours et un format totalement in\u00e9dit, l&rsquo;ASA Terre de Corse esp\u00e9rait bien donner un nouveau souffle \u00e0 son rallye. Et le trac\u00e9 avait de quoi donner envie, autant aux \u00e9quipages qu&rsquo;aux spectateurs ; en effet, les organisateurs avaient trac\u00e9 une sp\u00e9ciale entre Favone et Conca, \u00e0 quelques encablures du mythique GR20 ! Une route technique, avec ses passages \u00e9troits, bossel\u00e9s, et ses \u00e9pingles, longue de 8,68 km. Une sp\u00e9ciale qui devait \u00eatre \u00e0 parcourir quatre fois.<\/strong><\/p>\n<p>ngg_shortcode_0_placeholder<strong>C&rsquo;\u00e9tait sans compter sur des contraintes sanitaires qui se durcissent jour apr\u00e8s jour, et une annonce imminente du gouvernement sur de nouvelles mesures.<\/strong><\/p>\n<p><strong>C&rsquo;est dans ce contexte-l\u00e0 que la commission de s\u00e9curit\u00e9 a \u00e9mis un avis d\u00e9favorable quant \u00e0 la tenue du rallye, notamment face au risque d&rsquo;un afflux de spectateurs, et donc d&rsquo;un regroupement de personnes. L&rsquo;organisation, a donc \u00e9t\u00e9 contrainte d&rsquo;annuler son rallye.<\/strong><\/p>\n<p><strong>Apr\u00e8s l&rsquo;annulation du Costa Serena, du fait du premier confinement, c&rsquo;est un nouveau coup dur pour l&rsquo;ASA Terre de Corse !<\/strong><\/p>\n<p><strong>La prochaine \u00e9preuve devrait maintenant \u00eatre le rallye du Pays Ajaccien, les 13 et 14 Mars, mais ceci va d\u00e9pendre des prochaines annonces du Pr\u00e9sident de la R\u00e9publique, et \u00e9galement de l&rsquo;avis pr\u00e9fectoral.<\/strong><\/p>\n","protected":false},"excerpt":{"rendered":"<p>L&rsquo;annonce officielle est tomb\u00e9e hier soir !<\/p>\n","protected":false},"author":2,"featured_media":6303,"comment_status":"closed","ping_status":"closed","sticky":false,"template":"","format":"standard","meta":{"ngg_post_thumbnail":0,"footnotes":""},"categories":[1],"tags":[],"class_list":["post-6299","post","type-post","status-publish","format-standard","has-post-thumbnail","hentry","category-non-classe"],"_links":{"self":[{"href":"https:\/\/rallyecorse.com\/index.php\/wp-json\/wp\/v2\/posts\/6299","targetHints":{"allow":["GET"]}}],"collection":[{"href":"https:\/\/rallyecorse.com\/index.php\/wp-json\/wp\/v2\/posts"}],"about":[{"href":"https:\/\/rallyecorse.com\/index.php\/wp-json\/wp\/v2\/types\/post"}],"author":[{"embeddable":true,"href":"https:\/\/rallyecorse.com\/index.php\/wp-json\/wp\/v2\/users\/2"}],"replies":[{"embeddable":true,"href":"https:\/\/rallyecorse.com\/index.php\/wp-json\/wp\/v2\/comments?post=6299"}],"version-history":[{"count":3,"href":"https:\/\/rallyecorse.com\/index.php\/wp-json\/wp\/v2\/posts\/6299\/revisions"}],"predecessor-version":[{"id":6307,"href":"https:\/\/rallyecorse.com\/index.php\/wp-json\/wp\/v2\/posts\/6299\/revisions\/6307"}],"wp:featuredmedia":[{"embeddable":true,"href":"https:\/\/rallyecorse.com\/index.php\/wp-json\/wp\/v2\/media\/6303"}],"wp:attachment":[{"href":"https:\/\/rallyecorse.com\/index.php\/wp-json\/wp\/v2\/media?parent=6299"}],"wp:term":[{"taxonomy":"category","embeddable":true,"href":"https:\/\/rallyecorse.com\/index.php\/wp-json\/wp\/v2\/categories?post=6299"},{"taxonomy":"post_tag","embeddable":true,"href":"https:\/\/rallyecorse.com\/index.php\/wp-json\/wp\/v2\/tags?post=6299"}],"curies":[{"name":"wp","href":"https:\/\/api.w.org\/{rel}","templated":true}]}}