{"id":6879,"date":"2021-09-13T23:41:31","date_gmt":"2021-09-13T21:41:31","guid":{"rendered":"http:\/\/rallyecorse.com\/?p=6879"},"modified":"2021-09-15T19:15:19","modified_gmt":"2021-09-15T17:15:19","slug":"presentation-corte-centre-corse-2021","status":"publish","type":"post","link":"https:\/\/rallyecorse.com\/index.php\/2021\/09\/13\/presentation-corte-centre-corse-2021\/","title":{"rendered":"Pr\u00e9sentation : Corte Centre Corse 2021"},"content":{"rendered":"<p><strong>Non organis\u00e9 en 2020 \u00e0 cause des restrictions sanitaires, le Corte Centre Corse fait son retour, et marque la rentr\u00e9e des rallyes insulaires.<\/strong><\/p>\nngg_shortcode_0_placeholder\n<p><strong>Pour cette 33e \u00e9dition, l&rsquo;ASA Restonica reste sur un parcours identique \u00e0 celui de 2019, avant un possible remaniement pour 2022.<\/strong><\/p>\n<p><strong>Comme en 2019, il sera possible pour les \u00e9quipages de participer \u00e0 un shakedown le Vendredi apr\u00e8s-midi sur la route de Bistugliu.<\/strong><\/p>\n<p><strong>L&rsquo;\u00e9preuve en elle m\u00eame d\u00e9butera Vendredi soir par la sp\u00e9ciale de Riventosa, qui permettra d&rsquo;\u00e9tablir une premi\u00e8re hi\u00e9rarchie, et surtout un ordre de passage pour la journ\u00e9e du lendemain. L&rsquo;\u00e9tape du Samedi se disputera sur la sp\u00e9ciale allant de Valle di Rustinu \u00e0 Ponte-Leccia (avec une d\u00e9nomination Ponte Novu &#8211; Ponte Leccia), qui sera \u00e0 parcourir \u00e0 trois reprises. Enfin, l&rsquo;\u00e9tape du Dimanche se d\u00e9roulera sur la sp\u00e9ciale de Muracciole &#8211; Noceta, \u00e0 faire \u00e9galement trois fois.<\/strong><\/p>\n<p><strong>La nouveaut\u00e9 sur ce rallye de Corte sera r\u00e8glementaire, puisqu&rsquo;au niveau insulaire il s&rsquo;agira du premier rallye \u00e0 appliquer la nouvelle r\u00e8glementation des Groupes et Classes \u00e9tablie par la F\u00e9d\u00e9ration durant l&rsquo;\u00e9t\u00e9.<\/strong><\/p>\n<p><strong>Voici un rappel de ces Groupes :<\/strong><\/p>\n<p><strong>F RC1 : A8W<br>F RC2 : R5\/Rally2, Rally2 Kit, A7S<br>F RGT : RGT\/FRGT, GT+, GT10, GT9<br>F RC3 : Rally3<br>F Rally Nat : A7K, F2000-15, F2000-14, A8, N4, R4<br>F RC4 : Rally4, R3, A6K, R2, F2000-13, A7, N3, A6<br>F RC5 : Rally5, R2J, FR2, A5K, F2000-12, A5, R1, N2, N1, F2000-11, N2 S\u00e9rie<\/strong><\/p>\n<p><strong>Du c\u00f4t\u00e9 des engag\u00e9s, ils seront 81 :&nbsp; 71 en Moderne, et 10 en VHC.<\/strong><\/p>\n<p><strong>Malgr\u00e9 la pr\u00e9sence du Costa Serena deux semaines apr\u00e8s ce rallye de Corte, le plateau se veut de qualit\u00e9, notamment pour la gagne. Vainqueur sortant, Jean-Mathieu Leandri sera de la partie pour remettre son titre en jeu. Il retrouvera face \u00e0 lui les duetistes Campana et Venturini qui se partageront le volant d&rsquo;une Polo R5 eux aussi. Jean-Charles Albertini, et Thomas Argenti qui avaient compl\u00e9t\u00e9 le podium en 2019 seront \u00e9galement pr\u00e9sent. Dix ans apr\u00e8s sa victoire, Jean-Toussaint Albertini sera de retour sur une auto pouvant lui permettre de viser haut sur son \u00e9preuve \u00e0 domicile. Les fr\u00e8res Moracchini, ou encore Paul-Andr\u00e9 Mariani seront d&rsquo;autres r\u00e9gionaux de l&rsquo;\u00e9preuve \u00e0 surveiller.<\/strong><\/p>\n<p><strong>La cat\u00e9gorie FRC4 s&rsquo;annonce anim\u00e9e du c\u00f4t\u00e9 des R3 avec Olivier Luciani, Dum\u00e8 Nannucci, Ange-Marie Damerval, ou encore Philippe Chassaing ! Le spectacle sera au rendez-vous, et un bon classement sera certainement l\u00e0 pour les r\u00e9compenser.<\/strong><\/p>\n<p><strong>Pierre-Marc Nannucci sera l&rsquo;animateur principal des F2000-14 ; s&rsquo;il lui sera compliqu\u00e9 de r\u00e9\u00e9diter son podium de 2015, il attaquera malgr\u00e9 tout au maximum avec sa v\u00e9loce 205.<\/strong><\/p>\n<p><strong>Du c\u00f4t\u00e9 des VHC Marc Valliccioni aura \u00e0 coeur de confirmer sa victoire du Mont-Blanc, toujours avec sa superbe BMW M3. Pierre Vivier sera au volant d&rsquo;une M3 lui aussi, et cherchera \u00e0 apprivoiser encore un peu plus cette auto, et pourquoi pas titiller le maitre. Stephane Pourquie, sera l\u00e0 \u00e9galement l\u00e0 pour reprendre ses marques avec les routes insulaires.<br><\/strong><\/p>\n<p><strong>\u2014\u2014\u2014\u2014\u2014\u2014\u2014\u2014\u2014\u2014\u2014\u2014\u2014\u2014\u2014\u2014\u2014\u2014\u2014\u2014\u2014\u2014<\/strong><\/p>\n<p><strong><span style=\"color: #ff0000;\">Etape 1<\/span> \u2013 Vendredi 17 Septembre<\/strong><\/p>\n<p><strong><span style=\"color: #0000ff;\">ES 1<\/span> : RD40 \u2013 Riventosa (5,50 km) \/ <span style=\"color: #0000ff;\">20h58<\/span><\/strong><\/p>\n<p><strong><span style=\"color: #ff0000;\">Etape 2<\/span> \u2013 Samedi 18 Septembre<br><\/strong><\/p>\n<p><strong><span style=\"color: #0000ff;\">ES 2<\/span> : Ponte Novu &#8211; Valle di Rustinu &#8211; Ponte-Leccia 1 (18,24 km) \/ <span style=\"color: #0000ff;\">10h46<\/span><\/strong><br><strong><span style=\"color: #0000ff;\">ES 3<\/span> : Ponte Novu &#8211; Valle di Rustinu &#8211; Ponte-Leccia 2 (18,24 km) \/<span style=\"color: #0000ff;\"> 13h17<\/span><\/strong><br><strong><span style=\"color: #0000ff;\">ES 4<\/span> : Ponte Novu &#8211; Valle di Rustinu &#8211; Ponte-Leccia 3 (18,24 km) \/ <span style=\"color: #0000ff;\">15h48<\/span><\/strong><\/p>\n<p><strong><span style=\"color: #ff0000;\">Etape 3<\/span> \u2013 Dimanche 19 Septembre <\/strong><\/p>\n<p><strong><span style=\"color: #0000ff;\">ES 5<\/span> : Muracciole \u2013 Noceta 1 (15,26 km) \/ <span style=\"color: #0000ff;\">9h26<\/span><\/strong><br><strong><span style=\"color: #0000ff;\">ES 6<\/span> : Muracciole \u2013 Noceta 2 (15,26 km) \/<span style=\"color: #0000ff;\"> 11h57<\/span><br><span style=\"color: #0000ff;\">ES 7<\/span> : Muracciole \u2013 Noceta 3 (15,26 km) \/<span style=\"color: #0000ff;\"> 14h28<\/span><\/strong><\/p>\nngg_shortcode_1_placeholder\n<p><span style=\"color: #ff0000;\"><em>(carte du trac\u00e9 de 2019, mais identique en 2021 !!)<\/em><\/span><\/p>\n<p><strong>Suivez les temps du rallye en direct sur le site eWrc :<\/strong><\/p>\n<p><a href=\"https:\/\/www.ewrc-results.com\/results\/64989-rallye-national-de-corti-centru-di-corsica-2021\/\" target=\"_blank\" rel=\"noopener\"><strong>Direct eWrc (Moderne)<\/strong><\/a><\/p>\n<p><a href=\"https:\/\/www.ewrc-results.com\/results\/64990-rallye-national-de-corti-centru-di-corsica-vhc-2021\/\" target=\"_blank\" rel=\"noopener\"><strong>Direct eWrc (VHC)<\/strong><\/a><\/p>\n<p><strong>\u2014\u2014\u2014\u2014\u2014\u2014\u2014\u2014\u2014\u2014\u2014\u2014\u2014\u2014\u2014\u2014\u2014\u2014\u2014\u2014\u2014\u2014<\/strong><\/p>\n<p><strong>Liste des engag\u00e9s<br><\/strong><\/p>\n<p><strong>Liste des engag\u00e9s VHC<\/strong><\/p>\n<p><strong>\u2014\u2014\u2014\u2014\u2014\u2014\u2014\u2014\u2014\u2014\u2014\u2014\u2014\u2014\u2014\u2014\u2014\u2014\u2014\u2014\u2014\u2014<\/strong><\/p>\n<p><strong>Palmar\u00e8s :<\/strong><\/p>\n<p><strong>2019 : Leandri \/ Albertini J-C \/ Argenti<br>2018 : <\/strong><strong>Camilli \/ Venturini \/ Trojani<\/strong><br><strong>2017 : Navarra \/ Leandri \/ Mariani P-A<\/strong><br><strong>2016 : Maurin \/ Leandri \/ Suarez<\/strong><br><strong>2015 : Leandri \/ Hirschi \/ Nannucci<br><\/strong><\/p>\n<p><strong>Record de victoires sur l\u2019\u00e9preuve :<\/strong>&nbsp;<strong> Jean-Pierre Manzagol (5)<\/strong><\/p>\n\n\n<p><\/p>\n","protected":false},"excerpt":{"rendered":"<p>Non organis\u00e9 en 2020 \u00e0 cause des restrictions sanitaires, le Corte Centre Corse fait son retour, et marque la rentr\u00e9e des rallyes insulaires.<\/p>\n","protected":false},"author":2,"featured_media":6883,"comment_status":"closed","ping_status":"closed","sticky":false,"template":"","format":"standard","meta":{"ngg_post_thumbnail":0,"footnotes":""},"categories":[14],"tags":[],"class_list":["post-6879","post","type-post","status-publish","format-standard","has-post-thumbnail","hentry","category-presentations-rallyes"],"_links":{"self":[{"href":"https:\/\/rallyecorse.com\/index.php\/wp-json\/wp\/v2\/posts\/6879","targetHints":{"allow":["GET"]}}],"collection":[{"href":"https:\/\/rallyecorse.com\/index.php\/wp-json\/wp\/v2\/posts"}],"about":[{"href":"https:\/\/rallyecorse.com\/index.php\/wp-json\/wp\/v2\/types\/post"}],"author":[{"embeddable":true,"href":"https:\/\/rallyecorse.com\/index.php\/wp-json\/wp\/v2\/users\/2"}],"replies":[{"embeddable":true,"href":"https:\/\/rallyecorse.com\/index.php\/wp-json\/wp\/v2\/comments?post=6879"}],"version-history":[{"count":8,"href":"https:\/\/rallyecorse.com\/index.php\/wp-json\/wp\/v2\/posts\/6879\/revisions"}],"predecessor-version":[{"id":6939,"href":"https:\/\/rallyecorse.com\/index.php\/wp-json\/wp\/v2\/posts\/6879\/revisions\/6939"}],"wp:featuredmedia":[{"embeddable":true,"href":"https:\/\/rallyecorse.com\/index.php\/wp-json\/wp\/v2\/media\/6883"}],"wp:attachment":[{"href":"https:\/\/rallyecorse.com\/index.php\/wp-json\/wp\/v2\/media?parent=6879"}],"wp:term":[{"taxonomy":"category","embeddable":true,"href":"https:\/\/rallyecorse.com\/index.php\/wp-json\/wp\/v2\/categories?post=6879"},{"taxonomy":"post_tag","embeddable":true,"href":"https:\/\/rallyecorse.com\/index.php\/wp-json\/wp\/v2\/tags?post=6879"}],"curies":[{"name":"wp","href":"https:\/\/api.w.org\/{rel}","templated":true}]}}