{"id":7006,"date":"2021-10-16T11:02:34","date_gmt":"2021-10-16T09:02:34","guid":{"rendered":"http:\/\/rallyecorse.com\/?p=7006"},"modified":"2021-10-16T11:02:36","modified_gmt":"2021-10-16T09:02:36","slug":"presentation-rallye-du-nebbiu-2021","status":"publish","type":"post","link":"https:\/\/rallyecorse.com\/index.php\/2021\/10\/16\/presentation-rallye-du-nebbiu-2021\/","title":{"rendered":"Pr\u00e9sentation : Rallye du Nebbiu 2021"},"content":{"rendered":"<p><strong>Apr\u00e8s avoir laiss\u00e9 sa place \u00e0 la Giraglia en 2020 \u00e0 cause du chamboulement du calendrier li\u00e9 au Covid-19, le rallye du Nebbiu est de retour pour une derni\u00e8re \u00e9dition !<\/strong><\/p>\nngg_shortcode_0_placeholder\n<p><strong>Initi\u00e9 en 2013, le rallye du Nebbiu va vivre sa derni\u00e8re \u00e9dition, avant que les organisateurs de l&rsquo;ASA Bastiaise ne se tournent en 2022 vers le rallye di e strade vecchie.<\/strong><\/p>\n<p><strong>Pour ce dernier baroud d&rsquo;honneur du c\u00f4t\u00e9 de Saint Florent, le parcours propos\u00e9 \u00e9volue encore. Les sp\u00e9ciales seront proches de ce que l&rsquo;on avait vu en 2019, mais cette fois-ci elles se feront dans le sens inverse. Ainsi nous verrons la premi\u00e8re sp\u00e9ciale partir du Col de San Stefanu, en direction de Murato, comme ce fut le cas en 2018. Pour la seconde sp\u00e9ciale, elle est raccourcie par rapport \u00e0 sa version d&rsquo;il y a deux ans ; d\u00e9part de Santu Pietru di Tenda, jusqu&rsquo;au barrage de Padule. Deux sp\u00e9ciales aux profils diff\u00e9rents, avec du rapide et large d&rsquo;un c\u00f4t\u00e9, et du technique et sinueux de l&rsquo;autre.<\/strong><\/p>\n<p><strong>Au niveau des engag\u00e9s, ils seront 96 au total.<\/strong><\/p>\n<p><strong>En \u00ab\u00a0Moderne\u00a0\u00bb, 76 \u00e9quipages seront de la partie.<\/strong><\/p>\n<p><strong>Recordman du nombre de victoire sur l&rsquo;\u00e9preuve, Navarra aura envie de s&rsquo;imposer une derni\u00e8re fois dans sa r\u00e9gion. Engag\u00e9 au volant de l&rsquo;Alpine A110 R-GT, il aura face \u00e0 lui Moracchini et sa Fabia R5, qui a termin\u00e9 sur le podium des deux derni\u00e8res \u00e9ditions. La r\u00e9cente victoire de Ciamin \u00e0 l&rsquo;Antibes a prouv\u00e9 que m\u00eame une deux roues motrices peut damer le pion aux quatre roues motrices, surtout lorsqu&rsquo;elle est tr\u00e8s bien men\u00e9e.<\/strong><\/p>\n<p><strong>Toujours bien plac\u00e9s sur ce rallye, Baldrichi et Nannucci feront encore le spectacle, et pourront viser le podium.<\/strong><\/p>\n<p><strong>Autre outsider, Damerval sera \u00e0 surveiller avec sa Clio R3T, tout comme Cardi qui ressort sa Honda Civic de ses premi\u00e8res saisons.<\/strong><\/p>\n<p><strong>Le groupe RGT sera bien fourni, avec cinq autres engag\u00e9s en plus de Navarra, parmi lesquels se trouve Benazzi. Plus habitu\u00e9 aux \u00e9preuves historiques ces derni\u00e8res saisons, Vernazza s&rsquo;alignera lui aussi sur une Alpine.<br><\/strong><\/p>\n<p><strong>De retour apr\u00e8s sa m\u00e9saventure du Pays Ajaccien, Stachino sera au d\u00e9part avec sa Clio Maxi ex-Bugalski.<\/strong><\/p>\n<p><strong>Autre retour, celui de Joseph Agostini, apr\u00e8s une coupure de six ans. Il s&rsquo;alignera au volant d&rsquo;une originale Seat Ibiza, en classe A8 ; une classe dans laquelle nous retrouverons aussi Pamart et sa Sierra Cosworth.<\/strong><\/p>\n<p><strong>En VHC ils seront 9 engag\u00e9s. La lutte s&rsquo;annonce ouverte, m\u00eame si De La Foata et Denis D&rsquo;Amore ont de solides arguments \u00e0 faire valoir. Les fr\u00e8res Simonetti, ou encore Torre auront \u00e0 coeur de prouver que la vieille garde a toujours le pied lourd. Voil\u00e0 qui annonce du beau spectacle.<\/strong><\/p>\n<p><strong>En VHRS ils seront 8 engag\u00e9s, parmi lesquels Mori, vainqueur en 2016. Face \u00e0 lui l&rsquo;ajaccien Avolio devrait \u00eatre un s\u00e9rieux adversaire. Avec une belle diversit\u00e9 d&rsquo;autos, chaque pilote aura ses chances de bien figurer.<\/strong><\/p>\n<p><strong>En VMRS ils seront 3 engag\u00e9s. Dans cette cat\u00e9gorie encore tr\u00e8s confidentielle, et peu d\u00e9velopp\u00e9e en Corse, ce sera l&rsquo;occasion de voir des autos plus modernes, mais o\u00f9 les pilotes devront eux aussi r\u00e9guler, comme en VHRS.<\/strong><\/p>\n<p><strong>\u2014\u2014\u2014\u2014\u2014\u2014\u2014\u2014\u2014\u2014\u2014\u2014\u2014\u2014\u2014\u2014\u2014\u2014\u2014\u2014\u2014\u2014<\/strong><\/p>\n<p><strong><span style=\"color: #ff0000;\"> Samedi 23 Octobre<\/span><br><\/strong><\/p>\n<p><strong><span style=\"color: #0000ff;\">ES 1<\/span> : Col de San Stefanu &#8211; Murato (5,30 km) \/ <span style=\"color: #0000ff;\">8h43<\/span><\/strong><br><strong><span style=\"color: #0000ff;\">ES 2<\/span> : Santu Pietru di Tenda &#8211; Barrage de Padule (5,87 km) \/ <span style=\"color: #0000ff;\">9h21<\/span><\/strong><br><strong><span style=\"color: #0000ff;\">ES 3<\/span> : Col de San Stefanu &#8211; Murato (5,30 km) \/<\/strong> <span style=\"color: #0000ff;\"><strong>11h44<\/strong><\/span><br><strong><span style=\"color: #0000ff;\">ES 4<\/span> : Santu Pietru di Tenda &#8211; Barrage de Padule (5,87 km) \/ <span style=\"color: #0000ff;\">12h22<\/span><\/strong><br><strong><span style=\"color: #0000ff;\">ES 5<\/span> : Col de San Stefanu &#8211; Murato (5,30 km) \/ <span style=\"color: #0000ff;\">14h45<\/span><br><span style=\"color: #0000ff;\">ES 6<\/span> : Santu Pietru di Tenda &#8211; Barrage de Padule (5,87 km) \/ <span style=\"color: #0000ff;\">15h23<\/span><br><\/strong><\/p>\n<div id=\"ngg-gallery-73727a71541f4e473e6e05414afd5935-1\" class=\"ngg-galleryoverview default-view \">\n<div id=\"ngg-image-1\" class=\"ngg-gallery-thumbnail-box \">\n<div class=\"ngg-gallery-thumbnail\">\nngg_shortcode_1_placeholder\n<\/div>\n<\/div>\n<br>\n<div class=\"ngg-clear\"><strong>Suivez les temps du rallye en direct sur le site <\/strong><strong>LC Chrono :<\/strong><\/div>\n<\/div>\n<p><strong>Direct LC Chrono <\/strong><span style=\"color: #0000ff;\"><em>(lien \u00e0 venir)<\/em><\/span><strong><br><\/strong><\/p>\n<p><strong>Direct VHC LC Chrono <\/strong><span style=\"color: #0000ff;\"><em>(lien \u00e0 venir)<\/em><\/span><\/p>\n<p><strong>Direct VHRS LC Chrono <\/strong><span style=\"color: #0000ff;\"><em>(lien \u00e0 venir)<\/em><\/span><\/p>\n<p><strong>\u2014\u2014\u2014\u2014\u2014\u2014\u2014\u2014\u2014\u2014\u2014\u2014\u2014\u2014\u2014\u2014\u2014\u2014\u2014\u2014\u2014\u2014<\/strong><\/p>\n<p><strong>Liste des engag\u00e9s<\/strong><\/p>\nngg_shortcode_2_placeholder\n<p><strong>\u2014\u2014\u2014\u2014\u2014\u2014\u2014\u2014\u2014\u2014\u2014\u2014\u2014\u2014\u2014\u2014\u2014\u2014\u2014\u2014\u2014\u2014<\/strong><\/p>\n<p><strong><span style=\"color: #ff0000;\">Palmar\u00e8s<\/span> :<\/strong><\/p>\n<p><strong><span style=\"color: #0000ff;\">Moderne<\/span> :<br>2019 : Navarra \/ Moracchini \/ Fraymouth<\/strong><br><strong>2018 : <\/strong><strong>Navarra \/ Manzagol J-M \/ Moracchini<\/strong><br><strong>2017 : <\/strong><strong>Navarra \/ Manzagol J-M \/ Ferrari<\/strong><br><strong>2016 : <\/strong><strong>Aguzzi \/ Nannucci P-M \/ Argenti<\/strong><br><strong>2015 : Navarra \/ Puppo \/ Nannucci P-M<br><\/strong><\/p>\n<p><strong>Record de victoires sur l\u2019\u00e9preuve :<\/strong> <strong>Fran\u00e7ois-Fr\u00e9d\u00e9ric Navarra (5)<\/strong><\/p>\n<p><strong><span style=\"color: #0000ff;\">VHC<\/span> :<br>2018<\/strong> : <strong>Valliccioni \/ Agostini \/ De Gentili<\/strong><br><strong>2017<\/strong> : <strong>Santini \/ D&rsquo;Amore D \/ D&rsquo;Amore F<\/strong><br><strong>2016 : Bonelli \/ D&rsquo;Amore FJ \/ Pucci<\/strong><\/p>\n<p><strong><span style=\"color: #0000ff;\">VHRS<\/span> :<br>2019 : Vangioni \/ Mari \/ Connault<\/strong><br><strong>2018 : Vangioni \/ Padovani \/ Murati<\/strong><strong><br>2017 : Saoletti \/ Vangioni \/ Mori<br>2016 : Mori \/ Vangioni \/ Limongi<br>2015 : Freani \/ Ciocca \/ Trojani J-T<\/strong><\/p>\n\n\n<p><\/p>\n","protected":false},"excerpt":{"rendered":"<p>Apr\u00e8s avoir laiss\u00e9 sa place \u00e0 la Giraglia en 2020, le rallye du Nebbiu est de retour au calendrier pour une derni\u00e8re \u00e9dition !<\/p>\n","protected":false},"author":2,"featured_media":7007,"comment_status":"closed","ping_status":"closed","sticky":false,"template":"","format":"standard","meta":{"ngg_post_thumbnail":0,"footnotes":""},"categories":[14],"tags":[],"class_list":["post-7006","post","type-post","status-publish","format-standard","has-post-thumbnail","hentry","category-presentations-rallyes"],"_links":{"self":[{"href":"https:\/\/rallyecorse.com\/index.php\/wp-json\/wp\/v2\/posts\/7006","targetHints":{"allow":["GET"]}}],"collection":[{"href":"https:\/\/rallyecorse.com\/index.php\/wp-json\/wp\/v2\/posts"}],"about":[{"href":"https:\/\/rallyecorse.com\/index.php\/wp-json\/wp\/v2\/types\/post"}],"author":[{"embeddable":true,"href":"https:\/\/rallyecorse.com\/index.php\/wp-json\/wp\/v2\/users\/2"}],"replies":[{"embeddable":true,"href":"https:\/\/rallyecorse.com\/index.php\/wp-json\/wp\/v2\/comments?post=7006"}],"version-history":[{"count":5,"href":"https:\/\/rallyecorse.com\/index.php\/wp-json\/wp\/v2\/posts\/7006\/revisions"}],"predecessor-version":[{"id":7024,"href":"https:\/\/rallyecorse.com\/index.php\/wp-json\/wp\/v2\/posts\/7006\/revisions\/7024"}],"wp:featuredmedia":[{"embeddable":true,"href":"https:\/\/rallyecorse.com\/index.php\/wp-json\/wp\/v2\/media\/7007"}],"wp:attachment":[{"href":"https:\/\/rallyecorse.com\/index.php\/wp-json\/wp\/v2\/media?parent=7006"}],"wp:term":[{"taxonomy":"category","embeddable":true,"href":"https:\/\/rallyecorse.com\/index.php\/wp-json\/wp\/v2\/categories?post=7006"},{"taxonomy":"post_tag","embeddable":true,"href":"https:\/\/rallyecorse.com\/index.php\/wp-json\/wp\/v2\/tags?post=7006"}],"curies":[{"name":"wp","href":"https:\/\/api.w.org\/{rel}","templated":true}]}}