{"id":7285,"date":"2022-04-24T18:53:33","date_gmt":"2022-04-24T16:53:33","guid":{"rendered":"http:\/\/rallyecorse.com\/?p=7285"},"modified":"2022-04-29T18:02:17","modified_gmt":"2022-04-29T16:02:17","slug":"presentation-rallye-de-costa-serena-2022","status":"publish","type":"post","link":"https:\/\/rallyecorse.com\/index.php\/2022\/04\/24\/presentation-rallye-de-costa-serena-2022\/","title":{"rendered":"Pr\u00e9sentation &#8211; Rallye de Costa Serena 2022"},"content":{"rendered":"<p><strong>Apr\u00e8s deux ans d&rsquo;absence, le Costa Serena fait son retour sous un nouveau format. Exit le National, bonjour le R\u00e9gional.<\/strong><\/p>\n<p>ngg_shortcode_0_placeholder<strong>Annul\u00e9 en 2020 \u00e0 cause du premier confinement, puis en 2021 \u00e0 cause du manque d&rsquo;engag\u00e9s, les organisateurs ont d\u00e9cid\u00e9 de prendre un virage important, en passant du format National sur deux jours, au format R\u00e9gional sur un seul jour.<\/strong><\/p>\n<p><strong>Pour cette 21e \u00e9dition, le parcours est ainsi concentr\u00e9 sur une seule et m\u00eame sp\u00e9ciale de 13 km \u00e0 parcourir \u00e0 trois reprises. Bien connue des habitu\u00e9s de l&rsquo;\u00e9preuve, c&rsquo;est sur la sp\u00e9ciale de Ventiseri que les concurrents se battront contre le chrono.<\/strong><\/p>\n<p><strong>Avec la pr\u00e9sence de 82 engag\u00e9s (Moderne + VHC) les organisateurs de l&rsquo;ASA Terre de Corse r\u00e9ussissent leur pari, tout comme ils l&rsquo;avaient fait lors du rallye du Fium&rsquo;Orbu &#8211; Castellu en F\u00e9vrier.<\/strong><\/p>\n<p><strong>En Moderne ils seront 69 au d\u00e9part, avec pas moins d&rsquo;une dizaine d&rsquo;autos de la cat\u00e9gorie R5\/Rally2.<\/strong><\/p>\n<p><strong>Apr\u00e8s leur confrontation au rallye du Fium&rsquo;Orbu-Castellu, et au dramatique rallye d&rsquo;Eccica-Suarella, Thomas Argenti et Georges Moracchini vont avoir l&rsquo;occasion de se bagarrer \u00e0 nouveau pour d\u00e9crocher leur premi\u00e8re victoire sur la c\u00f4te des nacres. Troisi\u00e8me en 2019, Jo\u00ebl Ottomani aura envie de de bien figurer \u00e0 domicile. Jean-Fran\u00e7ois Succi cherchera \u00e0 monter \u00e0 nouveau sur le podium, lui qui avait termin\u00e9 troisi\u00e8me en 2017, et second en 2019. Hugo Micheli, qui avait \u00e9t\u00e9 le vainqueur surprise de la Giraglia 2021, sera \u00e0 surveiller, m\u00eame s&rsquo;il n&rsquo;a plus repris le volant d&rsquo;une R5 depuis cette victoire.<\/strong><\/p>\n<p><strong>Jean-Jacques Padovani (vainqueur de l&rsquo;\u00e9preuve en 2016) et Yannick Rossi auront \u00e0 coeur de faire parler la poudre avec leurs GT (Porsche 997 pour Padovani, et Alpine A110 pour Rossi), et feront partie des outsiders.<\/strong><\/p>\n<p><strong>Autres outsiders, Olivier Luciani, et Pierre-Marc Nannucci seront pr\u00e9sents au volant de leurs Clio R3 pour r\u00e9it\u00e9rer leur bagarre du rallye du Fium&rsquo;Orbu, o\u00f9 ils avaient respectivement termin\u00e9s quatri\u00e8me et sixi\u00e8me au scratch.<\/strong><\/p>\n<p><strong>A noter la pr\u00e9sence de Jean-Claude Pietri pour son premier rallye&#8230; un rallye que ses parents (Jean-Michel Pietri et Nathalie Courr\u00e8ges) avaient remport\u00e9 \u00e0 deux reprises en 2002 et 2007.<\/strong><\/p>\n<p><strong>Du c\u00f4t\u00e9 des VHC, ils seront 13 au d\u00e9part. Louis Antonini voudra s&rsquo;imposer de nouveau sur ce rallye qu&rsquo;il a remport\u00e9 \u00e0 quatre reprises (de 2013 \u00e0 2016). Face \u00e0 lui Jean-Fran\u00e7ois Mattei, ou encore Jean-Marie Murati voudront faire parler la puissance de leurs BMW M3. Daniel Rognoni ne sera pas non plus \u00e0 oublier.<\/strong><\/p>\n<p><strong>\u2014\u2014\u2014\u2014\u2014\u2014\u2014\u2014\u2014\u2014\u2014\u2014\u2014\u2014\u2014\u2014\u2014\u2014\u2014\u2014\u2014\u2014<\/strong><\/p>\n<p><strong>Samedi 30 Avril <\/strong><\/p>\n<p><strong><span style=\"color: #0000ff;\">ES 1<\/span> : Ventiseri (13,30 km) \/ <span style=\"color: #0000ff;\">9h54<\/span><br \/>\n<span style=\"color: #0000ff;\">ES 2<\/span> : Ventiseri (13,30 km) \/ <span style=\"color: #0000ff;\">12h15<\/span><br \/>\n<\/strong><strong><span style=\"color: #0000ff;\">ES 3<\/span> : Ventiseri (13,30 km) \/ <span style=\"color: #0000ff;\">14h36<\/span><br \/>\n<\/strong><\/p>\n<p>ngg_shortcode_1_placeholder<strong>Suivez les temps en direct sur le site de PatrickSoft :<\/strong><\/p>\n<p><a href=\"https:\/\/pksoft.fr\/FR\/Direct.awp?P1=1&amp;P2=11500056&amp;AWPID6DE40ED0=5C18F01A577861609AE0BD1EE1D022CC3287DAAC\" target=\"_blank\" rel=\"noopener\"><strong>Direct \u2013 Moderne<\/strong><\/a><em><br \/>\n<\/em><\/p>\n<p><a href=\"https:\/\/pksoft.fr\/FR\/Direct.awp?P1=1&amp;P2=11500055&amp;AWPID6DE40ED0=5C18F01A577861609AE0BD1EE1D022CC3287DAAC\" target=\"_blank\" rel=\"noopener\"><strong>Direct \u2013 VHC<\/strong><\/a><strong><br \/>\n<\/strong><\/p>\n<p><strong>\u2014\u2014\u2014\u2014\u2014\u2014\u2014\u2014\u2014\u2014\u2014\u2014\u2014\u2014\u2014\u2014\u2014\u2014\u2014\u2014\u2014\u2014<\/strong><\/p>\n<p><strong>Liste des engag\u00e9s Moderne<\/strong><strong><br \/>\n<\/strong><\/p>\n<p>ngg_shortcode_2_placeholder<strong>Liste des engag\u00e9s VHC<\/strong><\/p>\n<p>ngg_shortcode_3_placeholder<strong>\u2014\u2014\u2014\u2014\u2014\u2014\u2014\u2014\u2014\u2014\u2014\u2014\u2014\u2014\u2014\u2014\u2014\u2014\u2014\u2014\u2014\u2014<\/strong><\/p>\n<p><strong><span style=\"color: #ff0000;\">Palmar\u00e8s<\/span> :<\/strong><\/p>\n<p><strong><span style=\"color: #0000ff;\">Moderne<\/span> :<br \/>\n2019 : Mariani \/ Succi \/ Ottomani<\/strong><br \/>\n<strong>2018 : Leandri \/ El Kadaoui \/ Bartoli<\/strong><br \/>\n<strong>2017 : Leandri \/ Manzagol \/ Succi<\/strong><br \/>\n<strong>2016 : Padovani \/ El Kadaoui \/ Re<\/strong><br \/>\n<strong>2015 : Balesi \/ Guglielmi \/ Ottomani<br \/>\n<\/strong><\/p>\n<p><strong>Record de victoires sur l\u2019\u00e9preuve : Dominique De Meyer (4)<br \/>\n<\/strong><\/p>\n<p><strong><span style=\"color: #0000ff;\">VHC<\/span> :<br \/>\n2019 : Cazaux \/ Vivier \/ Antonini<\/strong><br \/>\n<strong>2018 : Valliccioni \/ Giovannangeli \/ Castelli<\/strong><br \/>\n<strong>2017 : Calendini \/ Le Meur \/ Paoli<\/strong><br \/>\n<strong>2016 : Antonini \/ Canavese \/ Icart<\/strong><br \/>\n<strong>2015 : Antonini \/ Castelli \/ Paoli<br \/>\n<\/strong><\/p>\n<p>&nbsp;<\/p>\n<p>&nbsp;<\/p>\n","protected":false},"excerpt":{"rendered":"<p>Apr\u00e8s deux ans d&rsquo;absence, le Costa Serena fait son retour sous un nouveau format. Exit le National, bonjour le R\u00e9gional.<\/p>\n","protected":false},"author":2,"featured_media":7292,"comment_status":"closed","ping_status":"closed","sticky":false,"template":"","format":"standard","meta":{"ngg_post_thumbnail":0,"footnotes":""},"categories":[14],"tags":[],"class_list":["post-7285","post","type-post","status-publish","format-standard","has-post-thumbnail","hentry","category-presentations-rallyes"],"_links":{"self":[{"href":"https:\/\/rallyecorse.com\/index.php\/wp-json\/wp\/v2\/posts\/7285","targetHints":{"allow":["GET"]}}],"collection":[{"href":"https:\/\/rallyecorse.com\/index.php\/wp-json\/wp\/v2\/posts"}],"about":[{"href":"https:\/\/rallyecorse.com\/index.php\/wp-json\/wp\/v2\/types\/post"}],"author":[{"embeddable":true,"href":"https:\/\/rallyecorse.com\/index.php\/wp-json\/wp\/v2\/users\/2"}],"replies":[{"embeddable":true,"href":"https:\/\/rallyecorse.com\/index.php\/wp-json\/wp\/v2\/comments?post=7285"}],"version-history":[{"count":6,"href":"https:\/\/rallyecorse.com\/index.php\/wp-json\/wp\/v2\/posts\/7285\/revisions"}],"predecessor-version":[{"id":7302,"href":"https:\/\/rallyecorse.com\/index.php\/wp-json\/wp\/v2\/posts\/7285\/revisions\/7302"}],"wp:featuredmedia":[{"embeddable":true,"href":"https:\/\/rallyecorse.com\/index.php\/wp-json\/wp\/v2\/media\/7292"}],"wp:attachment":[{"href":"https:\/\/rallyecorse.com\/index.php\/wp-json\/wp\/v2\/media?parent=7285"}],"wp:term":[{"taxonomy":"category","embeddable":true,"href":"https:\/\/rallyecorse.com\/index.php\/wp-json\/wp\/v2\/categories?post=7285"},{"taxonomy":"post_tag","embeddable":true,"href":"https:\/\/rallyecorse.com\/index.php\/wp-json\/wp\/v2\/tags?post=7285"}],"curies":[{"name":"wp","href":"https:\/\/api.w.org\/{rel}","templated":true}]}}