{"id":7303,"date":"2022-05-02T20:42:21","date_gmt":"2022-05-02T18:42:21","guid":{"rendered":"http:\/\/rallyecorse.com\/?p=7303"},"modified":"2022-05-06T19:38:42","modified_gmt":"2022-05-06T17:38:42","slug":"presentation-historic-rally-mathieu-martinetti-2022","status":"publish","type":"post","link":"https:\/\/rallyecorse.com\/index.php\/2022\/05\/02\/presentation-historic-rally-mathieu-martinetti-2022\/","title":{"rendered":"Pr\u00e9sentation &#8211; Historic Rally Mathieu Martinetti 2022"},"content":{"rendered":"<p><strong>Initialement programm\u00e9e en 2020, la premi\u00e8re \u00e9dition de l&rsquo;Historic Rally Mathieu Martinetti aura enfin lieu cette ann\u00e9e, apr\u00e8s deux ann\u00e9es \u00e0 devoir patienter.<\/strong><\/p>\nngg_shortcode_0_placeholder\n<p><strong>Ce qui \u00e9tait une Mont\u00e9e Historique de 2016 \u00e0 2019 passe un cap cette ann\u00e9e. La manifestation se veut \u00e0 la fois un rallye historique (VHC et VHRS), mais tout en gardant de la place pour la Mont\u00e9e Historique.<\/strong><\/p>\n<p><strong>Si les \u00e9quipages qui affronteront le chrono d\u00e9buteront leur p\u00e9riple d\u00e8s Vendredi apr\u00e8s-midi, et poursuivront durant tout le week-end sur un total de 11 sp\u00e9ciales, ceux qui sont inscrits sur la Mont\u00e9e Historique \u00e9volueront sur le trac\u00e9 habituel entre le Liamone et Coggia uniquement les Samedi et Dimanche, en doublure des ES 3, 5, 7, et 11.<\/strong><\/p>\n<p><strong>Il est \u00e0 pr\u00e9ciser que pour les ES 3 et 5 les concurrents du rallye continueront eux jusqu&rsquo;\u00e0 Appricciani.<\/strong><\/p>\n<p><strong>En plus de cette classique, les \u00e9quipages du rallye affronteront les chronos du c\u00f4t\u00e9 de Casaglione, Calcatoggio, ou encore Vico, ce qui rappellera pour certains le Corsica Historic Rally qui c&rsquo;\u00e9tait d\u00e9roul\u00e9 sur ces m\u00eames routes entre 2006 et 2008.<\/strong><\/p>\n<p><strong>Avec un total de 136 engag\u00e9s, l&rsquo;ASA Corsica r\u00e9alise un tr\u00e8s beau score pour cette premi\u00e8re \u00e9dition.<\/strong><\/p>\n<p><strong>En VHC ils seront 47 au d\u00e9part. La liste des pr\u00e9tendants \u00e0 la victoire est longue, avec notamment Marc Valliccioni, Christophe Casanova, Olivier Capanaccia, Sampieru Bikodoroff, ou encore Thomas Argenti. Tous ces pilotes seront au volant de BMW M3.<\/strong><\/p>\n<p><strong>Au-del\u00e0 de ces noms, d&rsquo;autres pilotes auront \u00e0 coeur de s&rsquo;illustrer, comme Fran\u00e7ois Padrona avec sa Fiat 131 Abarth, ou encore Christophe Jacob au volant de sa Ford Escort. Il est int\u00e9ressant de noter que le pilote belge \u00e9tait d\u00e9j\u00e0 pr\u00e9sent en 2006 lors de la premi\u00e8re \u00e9dition du Corsica Historic Rally, et qu&rsquo;il est depuis rest\u00e9 fid\u00e8le \u00e0 la micro r\u00e9gion, aussi bien dans sa version \u00ab\u00a0rallye\u00a0\u00bb, que dans sa version \u00ab\u00a0mont\u00e9e historique\u00a0\u00bb.<\/strong><\/p>\n<p><strong>En VHRS ils seront 23 au d\u00e9part. Si de nombreux pilotes habitu\u00e9s des rallyes de doublure tout au long de l&rsquo;ann\u00e9e en Corse (Avolio, Lucciardi, Casanova, Seguier, etc&#8230;.) auront envie de jouer la gagne, les autres \u00e9quipages (dont certains venus du Moderne) voudront leur mener la vie dure.<\/strong><\/p>\n<p><strong>En D\u00e9mo ils seront 8 au d\u00e9part. Cette cat\u00e9gorie permettra de voir \u00e9voluer des autos aussi diff\u00e9rentes qu&rsquo;une Ferrari 308 GTB qu&rsquo;une Peugeot 207 s2000, ou encore des Ford Escort Cosworth. De mani\u00e8re g\u00e9n\u00e9rale il s&rsquo;agit l\u00e0 d&rsquo;autos plus modernes que le reste du plateau. Ces \u00e9quipages participeront \u00e0 l&rsquo;ensemble des ES, mais ne seront pas chronom\u00e9tr\u00e9s.<\/strong><\/p>\n<p><strong>Enfin, dans la cat\u00e9gorie Mont\u00e9e Historique ils seront 58 au d\u00e9part. Comme pour toutes les mont\u00e9es historiques, il n&rsquo;y a pas de chrono, uniquement le plaisir de sortir son Historique. Comme indiqu\u00e9 pr\u00e9c\u00e9demment, les \u00e9quipages engag\u00e9s dans cette cat\u00e9gorie ne rouleront qu&rsquo;en doublure des ES 3, 5, 7, et 11 entre le Liamone et Coggia.<\/strong><\/p>\n<p><strong>\u2014\u2014\u2014\u2014\u2014\u2014\u2014\u2014\u2014\u2014\u2014\u2014\u2014\u2014\u2014\u2014\u2014\u2014\u2014\u2014\u2014\u2014<\/strong><\/p>\n<p><strong><span style=\"color: #ff0000;\">Etape 1<\/span> \u2013 Vendredi 6 Mai<br><\/strong><\/p>\n<p><strong><span style=\"color: #0000ff;\">ES 1<\/span> : Liamone &#8211; Casaglione (7,36 km) \/ <span style=\"color: #0000ff;\">15h33<\/span><br><span style=\"color: #0000ff;\">ES 2<\/span> : Masorchia &#8211; Calcatoggio (5,16 km) \/ <span style=\"color: #0000ff;\">15h51<\/span><br><\/strong><\/p>\n<p><strong><span style=\"color: #ff0000;\">Etape 2<\/span> \u2013 Samedi 7 Mai<br><\/strong><\/p>\n<p><strong><span style=\"color: #0000ff;\">ES 3<\/span> : Liamone &#8211; Appriciani (14,38 km) \/ <span style=\"color: #0000ff;\">9h28<\/span><br><span style=\"color: #0000ff;\">ES 4<\/span> : Vico &#8211; Letia St Roch (9,42 km) \/ <span style=\"color: #0000ff;\">10h01<\/span><br><span style=\"color: #0000ff;\">ES 5<\/span> : Liamone &#8211; Appriciani (14,38 km) \/<span style=\"color: #0000ff;\"> 11h49<\/span><br><span style=\"color: #0000ff;\">ES 6<\/span> : Vico &#8211; Letia St Roch (9,42 km) \/ <span style=\"color: #0000ff;\">12h22<\/span><br><span style=\"color: #0000ff;\">ES 7<\/span> : Coggia (8,24 km) \/ <span style=\"color: #0000ff;\">14h10<\/span><br><\/strong><\/p>\n<p><strong><span style=\"color: #ff0000;\">Etape 3<\/span> \u2013 Dimanche 8 Mai<br><\/strong><\/p>\n<p><strong><span style=\"color: #0000ff;\">ES 8<\/span> : Liamone &#8211; Casaglione (7,36 km) \/ <span style=\"color: #0000ff;\">9h33<\/span><br><span style=\"color: #0000ff;\">ES 9<\/span> : Truggia &#8211; Arbori (7,52 km) \/ <span style=\"color: #0000ff;\">10h06<\/span><br><span style=\"color: #0000ff;\">ES 10<\/span> : Truggia &#8211; Arbori (7,52 km) \/ <span style=\"color: #0000ff;\">12h24<\/span><br><span style=\"color: #0000ff;\">ES 11<\/span> : Coggia (8,24 km) \/<span style=\"color: #0000ff;\"> 13h42<\/span><br><\/strong><\/p>\nngg_shortcode_1_placeholder\n<p><strong>Suivez les temps du rallye en direct sur le site LC Chrono :<\/strong><\/p>\n<p><a href=\"https:\/\/lcchrono.com\/apps\/direct.php?ce=20220201&amp;de=0\" target=\"_blank\" rel=\"noopener\"><strong>Direct \u2013 VHC<\/strong><\/a><span style=\"color: #ff0000;\"><em><br><\/em><\/span><\/p>\n<p><a href=\"https:\/\/lcchrono.com\/apps\/direct.php?ce=20220202&amp;de=0\" target=\"_blank\" rel=\"noopener\"><strong>Direct \u2013 VHRS<\/strong><\/a><span style=\"color: #ff0000;\"><em><br><\/em><\/span><\/p>\n<p><strong>\u2014\u2014\u2014\u2014\u2014\u2014\u2014\u2014\u2014\u2014\u2014\u2014\u2014\u2014\u2014\u2014\u2014\u2014\u2014\u2014\u2014\u2014<\/strong><\/p>\n<p><a href=\"https:\/\/www.asa.corsica\/vhc.pdf\" target=\"_blank\" rel=\"noopener\"><strong>Liste des engag\u00e9s VHC<\/strong><\/a><em><br><\/em><\/p>\n<p><a href=\"https:\/\/www.asa.corsica\/vhrs.pdf\" target=\"_blank\" rel=\"noopener\"><strong>Liste des engag\u00e9s VHRS<\/strong><\/a><\/p>\n<p><a href=\"https:\/\/www.asa.corsica\/demonstration.pdf\" target=\"_blank\" rel=\"noopener\"><strong>Liste des engag\u00e9s D\u00e9monstration<\/strong><\/a><\/p>\n<p><a href=\"https:\/\/www.asa.corsica\/montee.pdf\" target=\"_blank\" rel=\"noopener\"><strong>Liste des engag\u00e9s Mont\u00e9e Historique<\/strong><\/a><\/p>\n\n\n<p><\/p>\n","protected":false},"excerpt":{"rendered":"<p>Initialement programm\u00e9e en 2020, la premi\u00e8re \u00e9dition de l&rsquo;Historic Rally Mathieu Martinetti aura enfin lieu cette ann\u00e9e, apr\u00e8s deux ann\u00e9es \u00e0 devoir patienter.<\/p>\n","protected":false},"author":2,"featured_media":7313,"comment_status":"closed","ping_status":"closed","sticky":false,"template":"","format":"standard","meta":{"ngg_post_thumbnail":0,"footnotes":""},"categories":[14],"tags":[],"class_list":["post-7303","post","type-post","status-publish","format-standard","has-post-thumbnail","hentry","category-presentations-rallyes"],"_links":{"self":[{"href":"https:\/\/rallyecorse.com\/index.php\/wp-json\/wp\/v2\/posts\/7303","targetHints":{"allow":["GET"]}}],"collection":[{"href":"https:\/\/rallyecorse.com\/index.php\/wp-json\/wp\/v2\/posts"}],"about":[{"href":"https:\/\/rallyecorse.com\/index.php\/wp-json\/wp\/v2\/types\/post"}],"author":[{"embeddable":true,"href":"https:\/\/rallyecorse.com\/index.php\/wp-json\/wp\/v2\/users\/2"}],"replies":[{"embeddable":true,"href":"https:\/\/rallyecorse.com\/index.php\/wp-json\/wp\/v2\/comments?post=7303"}],"version-history":[{"count":9,"href":"https:\/\/rallyecorse.com\/index.php\/wp-json\/wp\/v2\/posts\/7303\/revisions"}],"predecessor-version":[{"id":7342,"href":"https:\/\/rallyecorse.com\/index.php\/wp-json\/wp\/v2\/posts\/7303\/revisions\/7342"}],"wp:featuredmedia":[{"embeddable":true,"href":"https:\/\/rallyecorse.com\/index.php\/wp-json\/wp\/v2\/media\/7313"}],"wp:attachment":[{"href":"https:\/\/rallyecorse.com\/index.php\/wp-json\/wp\/v2\/media?parent=7303"}],"wp:term":[{"taxonomy":"category","embeddable":true,"href":"https:\/\/rallyecorse.com\/index.php\/wp-json\/wp\/v2\/categories?post=7303"},{"taxonomy":"post_tag","embeddable":true,"href":"https:\/\/rallyecorse.com\/index.php\/wp-json\/wp\/v2\/tags?post=7303"}],"curies":[{"name":"wp","href":"https:\/\/api.w.org\/{rel}","templated":true}]}}