{"id":7343,"date":"2022-05-20T17:56:30","date_gmt":"2022-05-20T15:56:30","guid":{"rendered":"http:\/\/rallyecorse.com\/?p=7343"},"modified":"2022-05-20T18:15:25","modified_gmt":"2022-05-20T16:15:25","slug":"presentation-giraglia-2022","status":"publish","type":"post","link":"https:\/\/rallyecorse.com\/index.php\/2022\/05\/20\/presentation-giraglia-2022\/","title":{"rendered":"Pr\u00e9sentation &#8211; Giraglia 2022"},"content":{"rendered":"<p>&nbsp;<\/p>\n<p><strong>Apr\u00e8s une \u00e9dition 2021 tr\u00e8s r\u00e9ussie malgr\u00e9 les contraintes, la Ronde de la Giraglia est de retour pour sa 52e \u00e9dition, avec son format d\u00e9sormais classique du Vendredi soir jusqu&rsquo;au Dimanche.<br><\/strong><\/p>\nngg_shortcode_0_placeholder\n<p><strong>Tout d\u2019abord la sp\u00e9ciale nocturne de Cardo fera son retour, apr\u00e8s une absence forc\u00e9e l&rsquo;ann\u00e9e derni\u00e8re<br><\/strong><\/p>\n<p><strong>Les deux \u00e9tapes suivantes seront enti\u00e8rement concentr\u00e9es dans le Cap Corse.<\/strong><\/p>\n<p><strong>Le Samedi deux sp\u00e9ciales seront \u00e0 parcourir \u00e0 deux reprises. L&rsquo;incontournable Macinaggio &#8211; Ersa (11,70 km), et Morsiglia &#8211; Cagnano qui sera le gros morceau de la journ\u00e9e avec ses 23 km.<br><\/strong><\/p>\n<p><strong>Le Dimanche, verra l\u00e0 aussi deux sp\u00e9ciales \u00e0 parcourir deux fois. Le chrono entre le Pont de Luri et Canari, avec ses 26 km, sera l\u00e0 aussi la grosse sp\u00e9ciale de l&rsquo;\u00e9tape. Il ne faudra toutefois pas n\u00e9gliger la sp\u00e9ciale entre Pino et le Col de Notre Dame des Graces, qui ne sera pas simple malgr\u00e9 ses 12&nbsp; km !<br><\/strong><\/p>\n<p><strong>Du c\u00f4t\u00e9 des engag\u00e9s, les \u00e9quipages ont r\u00e9pondu \u00e0 l\u2019appel, puisqu\u2019ils seront 109 au total.<\/strong><\/p>\n<p><strong>Avec 88 engag\u00e9s en \u201cModerne\u201d, et une liste de qualit\u00e9, la lutte pour la gagne s\u2019annonce relev\u00e9e. En t\u00eate de liste nous retrouverons Hugo Micheli, qui voudra inscrire une seconde fois son nom au palmar\u00e8s de l\u2019\u00e9preuve, apr\u00e8s sa victoire de l\u2019ann\u00e9e derni\u00e8re. Face \u00e0 lui, Georges Moracchini aura envie de confirmer sa premi\u00e8re victoire au scratch lors du r\u00e9cent Costa Serena ; rappelons qu&rsquo;en 2019 il avait termin\u00e9 deuxi\u00e8me sur ce rallye. Sur le podium de la derni\u00e8re \u00e9dition, Jean-Fran\u00e7ois Succi et Thomas Argenti auront eux aussi des envies de victoire, tout comme L\u00e9o Rossel que l&rsquo;on a pu voir sur les routes de Balagne en 2020 et 2021. Egalement parmi les outsiders, Jean-Marc Manzagol fera son retour sur l&rsquo;asphalte insulaire ; lui qui \u00e9volue depuis 2019 en championnat de France terre, aimerait bien refaire le coup de sa derni\u00e8re Giraglia (en 2019 justement) o\u00f9 il avait remport\u00e9 le rallye dans la toute derni\u00e8re sp\u00e9ciale.<br><\/strong><\/p>\n<p><strong>La cat\u00e9gorie GT aura \u00e9galement fi\u00e8re allure, avec huit \u00e9quipages. Rossi et Bousquet, au volant de leur Alpine, feront face \u00e0 aux nombreuses Porsche, dont celles de Padovani, Panagiotis, et Benazzi. Raynaud apportera sa touche anglaise avec sa Lotus.<br><\/strong><\/p>\n<p><strong>Les derni\u00e8res g\u00e9n\u00e9rations d&rsquo;autos se font davantage pr\u00e9sentes, avec notamment huit Rally4 (7 Peugeot 208, et 1 Clio), mais \u00e9galement dix Clio Rally5. Au volant de la Clio RC5 de l&rsquo;op\u00e9ration \u00ab\u00a0Objectif Rallye\u00a0\u00bb, Buresi d\u00e9butera ainsi son programme de trois courses, qu&rsquo;il a remport\u00e9 \u00e0 l&rsquo;issue des s\u00e9lections du mois de Mars. A noter que son suppl\u00e9ant, Codaccioni, sera \u00e9galement de la partie mais avec un programme priv\u00e9. <\/strong><\/p>\n<p><strong>Du c\u00f4t\u00e9 des VHC ils seront 12 engag\u00e9s. L&rsquo;infatigable Antonini voudra conserver son titre. Il aura notamment face \u00e0 lui l&rsquo;enfant du Cap, Santini.<br><\/strong><\/p>\n<p><strong>En VHRS ils seront 8 engag\u00e9s. Braquet sera le favori, lui qui s&rsquo;est impos\u00e9 en 2019 et 2020, et qui a termin\u00e9 \u00e0 la seconde place en 2021. Seguier, qui l&rsquo;avait emport\u00e9 en 2018, et qui a termin\u00e9 quatre fois sur le podium des cinq derni\u00e8res \u00e9ditions, aura lui aussi de s\u00e9rieux arguments \u00e0 faire valoir.<br><\/strong><\/p>\n<p><strong>En VMRS il n&rsquo;y aura qu&rsquo;un seul engag\u00e9, Yvan Bert, au volant d&rsquo;une Porsche Cayman.<br><\/strong><\/p>\n<p><strong>\u2014\u2014\u2014\u2014\u2014\u2014\u2014\u2014\u2014\u2014\u2014\u2014\u2014\u2014\u2014\u2014\u2014\u2014\u2014\u2014\u2014\u2014<\/strong><\/p>\n<p><strong><span style=\"color: #ff0000;\">Etape 1<\/span> &#8211; Vendredi 27 Mai<\/strong><\/p>\n<p><strong><span style=\"color: #0000ff;\">ES 1<\/span> : Cardo &#8211; Ville de Petrabugno (4,15 km) \/ <span style=\"color: #0000ff;\">21h28<\/span><\/strong><\/p>\n<p><strong><span style=\"color: #ff0000;\">Etape 2<\/span> &#8211; Samedi 28 Mai<br><\/strong><\/p>\n<p><strong><span style=\"color: #0000ff;\">ES 2<\/span> : Macinaggio &#8211; Ersa (11,70 km) \/<span style=\"color: #0000ff;\"> 10h48<\/span><br><span style=\"color: #0000ff;\">ES 3<\/span> : Morsiglia &#8211; Cagnano (23,01 km) \/ <span style=\"color: #0000ff;\">11h21<\/span><br><span style=\"color: #0000ff;\">ES 4<\/span> : Macinaggio &#8211; Ersa (11,70 km) \/ <span style=\"color: #0000ff;\">14h39<\/span><br><span style=\"color: #0000ff;\">ES 5<\/span> : Morsiglia &#8211; Cagnano (23,01 km) \/ <span style=\"color: #0000ff;\">15h12<\/span><br><\/strong><\/p>\n<p><strong><span style=\"color: #ff0000;\">Etape 3<\/span> &#8211; Dimanche 29 Mai<br><\/strong><\/p>\n<p><strong><span style=\"color: #0000ff;\">ES 6<\/span> : Pont de Luri &#8211; Canari (26,13 km) \/ <span style=\"color: #0000ff;\">8h38<\/span><br><span style=\"color: #0000ff;\">ES 7<\/span> : Pino &#8211; Col Notre Dame des Graces (12,64 km) \/<span style=\"color: #0000ff;\"> 9h46<\/span><br><span style=\"color: #0000ff;\">ES 8<\/span> : Pont de Luri &#8211; Canari (26,13 km) \/ <span style=\"color: #0000ff;\">12h24<\/span><br><span style=\"color: #0000ff;\">ES 9<\/span> : Pino &#8211; Col Notre Dame des Graces (12,64 km) \/ <span style=\"color: #0000ff;\">13h22<\/span><\/strong><\/p>\nngg_shortcode_1_placeholder\n<p><strong>Suivez les temps du rallye en direct sur<\/strong><strong> le site LC Chrono :<\/strong><\/p>\n<p><strong>Direct \u2013 Modernes <\/strong><em>(lien \u00e0 venir)<\/em><\/p>\n<p><strong>Direct \u2013 VHC<\/strong><em> (lien \u00e0 venir)<\/em><\/p>\n<p><strong>Direct \u2013 VHRS<\/strong><em> (lien \u00e0 venir)<\/em><\/p>\n<p><strong>Direct \u2013 VMRS<\/strong><em> (lien \u00e0 venir)<\/em><\/p>\n<p><strong>\u2014\u2014\u2014\u2014\u2014\u2014\u2014\u2014\u2014\u2014\u2014\u2014\u2014\u2014\u2014\u2014\u2014\u2014\u2014\u2014\u2014\u2014<\/strong><\/p>\n<p><strong><a href=\"https:\/\/asa-bastiaise.com\/wp-content\/uploads\/2022\/05\/LISTE-MODERNE-PDF.pdf\" target=\"_blank\" rel=\"noopener\">Liste des engag\u00e9s Moderne<\/a><br><\/strong><\/p>\n<p><a href=\"https:\/\/asa-bastiaise.com\/wp-content\/uploads\/2022\/05\/LISTE-VHC.pdf\" target=\"_blank\" rel=\"noopener\"><strong>Liste des engag\u00e9s VHC<\/strong> <\/a><strong><br><\/strong><\/p>\n<p><a href=\"https:\/\/asa-bastiaise.com\/wp-content\/uploads\/2022\/05\/LISTE-VHRS.pdf\" target=\"_blank\" rel=\"noopener\"><strong>Liste des engag\u00e9s VHRS<\/strong><\/a><strong><br><\/strong><\/p>\n<p><a href=\"https:\/\/asa-bastiaise.com\/wp-content\/uploads\/2022\/05\/LISTE-VMRS.pdf\" target=\"_blank\" rel=\"noopener\"><strong>Liste des engag\u00e9s VMRS<\/strong><\/a><\/p>\n<p><strong>\u2014\u2014\u2014\u2014\u2014\u2014\u2014\u2014\u2014\u2014\u2014\u2014\u2014\u2014\u2014\u2014\u2014\u2014\u2014\u2014\u2014\u2014<\/strong><\/p>\n<p><strong><span style=\"color: #ff0000;\">Palmar\u00e8s<\/span> :<\/strong><\/p>\n<p><strong><span style=\"color: #0000ff;\">Moderne<\/span> :<br>2021 : Micheli \/ Succi \/ Argenti<br>2020 : Manzagol JM \/ Alerini \/ Santini<br>2019 : Leandri \/ Moracchini \/ Lemaitre<\/strong><br><strong>2018 : Trojani \/ Navarra \/ Alerini<\/strong><br><strong>2017 : Trojani \/ Padovani \/ Puppo<\/strong><\/p>\n<p><strong>Record de victoires sur l\u2019\u00e9preuve :<\/strong> <strong>Jean-Pierre Manzagol (14)<\/strong><\/p>\n<p><strong><span style=\"color: #0000ff;\">VHC<\/span> :<br>2021 : Antonini \/ Rognoni \/ Sassolas<br>2020 : Valliccioni \/ Marchetti \/ De Gentili<br>2019 : Agostini \/ Santini \/ Vivier<\/strong><br><strong>2018 : De Gentili \/ Abbati \/ Delluc<\/strong><br><strong>2017 : Marchetti \/ Agostini \/ Le Meur<\/strong><br><strong>2014 : Abbati \/ Antonini \/ Martini<\/strong><\/p>\n<p><strong><span style=\"color: #0000ff;\">VHRS<\/span> :<br>2021 : Avolio \/ Braquet \/ Saoletti<br>2020 : Braquet \/ Ceccato \/ Seguier<br>2019 : Braquet \/ Seguier \/ Bordereau<\/strong><br><strong>2018 : Seguier \/ Firroloni \/ Avolio<\/strong><br><strong>2017 : Firroloni \/ Seguier \/ Avolio <\/strong><\/p>\n\n\n<p><\/p>\n","protected":false},"excerpt":{"rendered":"<p>Apr\u00e8s une \u00e9dition 2021 tr\u00e8s r\u00e9ussie malgr\u00e9 les contraintes, la Ronde de la Giraglia est de retour pour sa 52e \u00e9dition, avec son format d\u00e9sormais classique du Vendredi soir jusqu&rsquo;au Dimanche.<\/p>\n","protected":false},"author":2,"featured_media":7359,"comment_status":"closed","ping_status":"closed","sticky":false,"template":"","format":"standard","meta":{"ngg_post_thumbnail":0,"footnotes":""},"categories":[14],"tags":[],"class_list":["post-7343","post","type-post","status-publish","format-standard","has-post-thumbnail","hentry","category-presentations-rallyes"],"_links":{"self":[{"href":"https:\/\/rallyecorse.com\/index.php\/wp-json\/wp\/v2\/posts\/7343","targetHints":{"allow":["GET"]}}],"collection":[{"href":"https:\/\/rallyecorse.com\/index.php\/wp-json\/wp\/v2\/posts"}],"about":[{"href":"https:\/\/rallyecorse.com\/index.php\/wp-json\/wp\/v2\/types\/post"}],"author":[{"embeddable":true,"href":"https:\/\/rallyecorse.com\/index.php\/wp-json\/wp\/v2\/users\/2"}],"replies":[{"embeddable":true,"href":"https:\/\/rallyecorse.com\/index.php\/wp-json\/wp\/v2\/comments?post=7343"}],"version-history":[{"count":13,"href":"https:\/\/rallyecorse.com\/index.php\/wp-json\/wp\/v2\/posts\/7343\/revisions"}],"predecessor-version":[{"id":7368,"href":"https:\/\/rallyecorse.com\/index.php\/wp-json\/wp\/v2\/posts\/7343\/revisions\/7368"}],"wp:featuredmedia":[{"embeddable":true,"href":"https:\/\/rallyecorse.com\/index.php\/wp-json\/wp\/v2\/media\/7359"}],"wp:attachment":[{"href":"https:\/\/rallyecorse.com\/index.php\/wp-json\/wp\/v2\/media?parent=7343"}],"wp:term":[{"taxonomy":"category","embeddable":true,"href":"https:\/\/rallyecorse.com\/index.php\/wp-json\/wp\/v2\/categories?post=7343"},{"taxonomy":"post_tag","embeddable":true,"href":"https:\/\/rallyecorse.com\/index.php\/wp-json\/wp\/v2\/tags?post=7343"}],"curies":[{"name":"wp","href":"https:\/\/api.w.org\/{rel}","templated":true}]}}