{"id":7409,"date":"2022-09-27T20:00:00","date_gmt":"2022-09-27T18:00:00","guid":{"rendered":"http:\/\/rallyecorse.com\/?p=7409"},"modified":"2022-10-06T22:35:20","modified_gmt":"2022-10-06T20:35:20","slug":"presentation-tour-de-corse-historique-2022","status":"publish","type":"post","link":"https:\/\/rallyecorse.com\/index.php\/2022\/09\/27\/presentation-tour-de-corse-historique-2022\/","title":{"rendered":"Pr\u00e9sentation : Tour de Corse Historique 2022"},"content":{"rendered":"<p><strong>Comme chaque ann\u00e9e au d\u00e9but du mois d&rsquo;Octobre, c&rsquo;est la f\u00eate des V\u00e9hicules Historiques en Corse, avec le Tour de Corse Historique.<\/strong><\/p>\nngg_shortcode_0_placeholder\n<p><strong>Les ann\u00e9es passent, et le succ\u00e8s ne se d\u00e9ment pas. Preuve en est que cette ann\u00e9e encore les organisateurs ont fait plus que le plein. Si en 2021 ils \u00e9taient 360 engag\u00e9s, cette ann\u00e9e la jauge a \u00e9t\u00e9 mont\u00e9e \u00e0 380&#8230; sachant que pas moins de 530 demandes d&rsquo;inscription ont \u00e9t\u00e9 re\u00e7ues !!<\/strong><\/p>\n<p><strong>Au programme de cette 22e \u00e9dition, 19 Epreuves Sp\u00e9ciales (une de plus que l&rsquo;ann\u00e9e derni\u00e8re) du Mardi au Samedi, pour un total de 1 000 km (380 km chronom\u00e9tr\u00e9s, et 620 km de liaison). Autant dire qu&rsquo;il faudra \u00eatre endurant.<\/strong><\/p>\nngg_shortcode_1_placeholder\n<p><strong>Comme chaque ann\u00e9e, le Mardi sera une mise en jambes, avec trois sp\u00e9ciales courtes dans le secteur de Porto-Vecchio. Ce sprint d&rsquo;environ trente kilom\u00e8tres chronom\u00e9tr\u00e9s permettra d&rsquo;\u00e9tablir une premi\u00e8re hi\u00e9rarchie, et pourquoi pas \u00e0 certains pilotes avec de gros num\u00e9ros de pouvoir remonter dans l&rsquo;ordre de d\u00e9part pour le lendemain !<\/strong><\/p>\n<p><strong>Mercredi il faudra \u00eatre bien r\u00e9veill\u00e9, avec trois sp\u00e9ciales de plus de 25 km chacune osur les routes du Centre Corse, avant de retourner vers la plaine orientale, et de terminer par une sp\u00e9ciale de treize kilom\u00e8tres, mais qui n&rsquo;en sera pas pour autant plus tranquille. Avec un profil de routes techniques, cette seconde \u00e9tape sera d\u00e9j\u00e0 un juge de paix. Si la course sera tr\u00e8s loin d&rsquo;\u00eatre termin\u00e9e, des \u00e9carts cons\u00e9quents seront creus\u00e9s&#8230; et les premiers soucis m\u00e9caniques pourraient intervenir.<\/strong><\/p>\n<p><strong>L&rsquo;\u00e9tape de Jeudi \u00e9voluera sur les routes du c\u00f4t\u00e9 de Barchetta ou encore de Canavaggia, avant de basculer vers Olmi Capella, et l&rsquo;ind\u00e9modable Notre Dame de la Serra. Entre histoire et tradition, les \u00e9quipages n&rsquo;auront gu\u00e8re le temps de profiter des paysages, avec l\u00e0 encore des sp\u00e9ciales de plus de vingt kilom\u00e8tres. La fatigue commencera probablement \u00e0 se faire sentir, il faudra donc rester vigilent, et m\u00e9nager sa monture tout en continuant \u00e0 titiller le chrono.<\/strong><\/p>\n<p><strong>Vendredi le rythme continuera d&rsquo;\u00eatre soutenu, avec encore trois sp\u00e9ciales de plus de 25 km chacune ; la sp\u00e9ciale de quatorze kilom\u00e8tres ne sera pas une promenade de sant\u00e9, puisqu&rsquo;il s&rsquo;agit de la mont\u00e9e du Col de Sorba, avant de redescendre sur Ghisoni. Une grosse journ\u00e9e en perspective sur une belle transversale routi\u00e8re menant de la Balagne jusqu&rsquo;\u00e0 Propriano.<\/strong><\/p>\n<p><strong>Samedi ce sera la derni\u00e8re \u00e9tape, et les organisateurs ont concoct\u00e9 un joli cocktail de sp\u00e9ciales tr\u00e8s courtes (6 km) et longues (26 km)&#8230; c&rsquo;est d&rsquo;ailleurs sur une sp\u00e9ciale longue que la course se terminera, et pourrait pourquoi pas se jouer.<\/strong><\/p>\n<p><strong>Du c\u00f4t\u00e9 des engag\u00e9s, ils seront donc 380 en tout.<\/strong><\/p>\n<p><strong>En VHC ils seront 200, et la bagarre devrait \u00eatre au rendez-vous. Consani sera de retour apr\u00e8s sa m\u00e9saventure qui l&rsquo;avait amen\u00e9 \u00e0 rendre le carnet alors qu&rsquo;il dominait l&rsquo;\u00e9preuve. Face \u00e0 lui, l&rsquo;exp\u00e9riment\u00e9 Oreille aimerait rajouter une victoire sur cette course, tout comme Vaison qui pourrait r\u00e9aliser la passe de trois. Les insulaires auront de belles chances avec Casanova, Capanaccia, Argenti, Botti, ou encore Agostini. Le jeune Pieri, que l&rsquo;on voit \u00e9voluer en championnat de France, s&rsquo;essayera \u00e0 l&rsquo;historique, et pourrait jouer les troubles f\u00eates au milieu des cadors. A noter la pr\u00e9sence de Patrick Bernardini, qui avait repris gout \u00e0 la comp\u00e9tition \u00e0 l&rsquo;occasion du Mare e Machja l&rsquo;ann\u00e9e derni\u00e8re en tant qu&rsquo;ouvreur.<\/strong><\/p>\n<p><strong>En VHRS, la bagarra s&rsquo;annonce ouverte. Sur un parcours si long, il n&rsquo;est pas ais\u00e9 d&rsquo;\u00eatre toujours dans moyenne, et donc de limiter les p\u00e9nalit\u00e9s. Saby sera de nouveau au d\u00e9part, mais au volant d&rsquo;une Golf cette fois-ci. Et si il ajoutait une victoire \u00e0 celle de 1986 ?<\/strong><\/p>\n<p><strong>Il est \u00e0 noter que pour l\u2019\u00e9tape de Mardi et de Samedi, se sont les VHRS qui partiront en premier. De Mercredi \u00e0 Vendredi en revanche se sont les VHC qui ouvriront le bal.<\/strong><\/p>\n<p><strong>\u2014\u2014\u2014\u2014\u2014\u2014\u2014\u2014\u2014\u2014\u2014\u2014\u2014\u2014\u2014\u2014\u2014\u2014\u2014\u2014\u2014\u2014<\/strong><\/p>\n<p><strong><span style=\"color: #ff0000;\">Etape 1<\/span> \u2013 Mardi 4 Octobre<br><\/strong><\/p>\n<p><strong><span style=\"color: #0000ff;\">ES 1<\/span> : Muratello &#8211; Col de Baccino (11,03 km) \/<span style=\"color: #0000ff;\"> 10h53<\/span><br><\/strong><strong><span style=\"color: #0000ff;\">ES 2<\/span> : Carbini &#8211; Levie<\/strong><strong> (7,02 km) \/ <span style=\"color: #0000ff;\">11h21<\/span><br><span style=\"color: #0000ff;\">ES 3<\/span> : Galdariccio &#8211; Col de Pelza (11,79 km) \/ <span style=\"color: #0000ff;\">11h49<\/span><br><\/strong><\/p>\n<p><strong><span style=\"color: #ff0000;\">Etape 2<\/span> \u2013 Mercredi 5 Octobre<br><\/strong><\/p>\n<p><strong><span style=\"color: #0000ff;\">ES 4<\/span> : Maison Pieraggi &#8211; Muracciole (29,39 km) \/ <span style=\"color: #0000ff;\">8h33<\/span><\/strong><br><strong><span style=\"color: #0000ff;\">ES 5<\/span> : Pinellu &#8211; Pont d&rsquo;Altiani (26,93 km) \/ <span style=\"color: #0000ff;\">10h16<\/span><\/strong><br><strong><span style=\"color: #0000ff;\">ES 6<\/span> : Pianiccia &#8211; Chiatra (26,34 km) \/ <span style=\"color: #0000ff;\">12h39<\/span><\/strong><br><strong><span style=\"color: #0000ff;\">ES 7<\/span> : Sainte Lucie de Moriani &#8211; Figareto (12,95 km) \/ <span style=\"color: #0000ff;\">14h02<\/span><br><\/strong><\/p>\n<p><strong><span style=\"color: #ff0000;\">Etape 3<\/span> \u2013 Jeudi 6 Octobre<br><\/strong><\/p>\n<p><strong><span style=\"color: #0000ff;\">ES 8<\/span> : Pont de Rimitoriu &#8211; Barchetta (28,45 km) \/ <span style=\"color: #0000ff;\">8h18<\/span><br><\/strong><strong><span style=\"color: #0000ff;\">ES 9<\/span> : <\/strong><strong> Ponte Nuovo &#8211; Canavaggia (13,54 km) \/ <span style=\"color: #0000ff;\">9h21<\/span><br><span style=\"color: #0000ff;\">ES 10<\/span> : Castifao &#8211; Olmi Capella (21,17 km) \/ <span style=\"color: #0000ff;\">10h34<\/span><br><span style=\"color: #0000ff;\">ES 11<\/span> : Notre Dame de la Serra \u2013 Fango (28,31 km) \/<span style=\"color: #0000ff;\"> 13h22<\/span><br><\/strong><\/p>\n<p><strong><span style=\"color: #ff0000;\">Etape 4<\/span> \u2013 Vendredi 7 Octobre<br><\/strong><\/p>\n<p><strong><span style=\"color: #0000ff;\">ES 12<\/span> : Belgodere &#8211; Col de San Colombanu &#8211; T30 (25,74 km) \/ <span style=\"color: #0000ff;\">8h33<\/span><br><\/strong><strong><span style=\"color: #0000ff;\">ES 13<\/span> : Ponte Leccia &#8211; Poggio Gavignano<\/strong><strong> (28,27 km) \/ <span style=\"color: #0000ff;\">9h31<\/span><br><span style=\"color: #0000ff;\">ES 14<\/span> : Col de Sorba &#8211; Ghisoni (14,37 km) \/ <span style=\"color: #0000ff;\">12h09<\/span><br><span style=\"color: #0000ff;\">ES 15<\/span> : Col de Verde &#8211; Fisher (28,75 km) \/ <span style=\"color: #0000ff;\">12h37<\/span><br><\/strong><\/p>\n<p><strong><span style=\"color: #ff0000;\">Etape 5<\/span> \u2013 Samedi 8 Octobre<br><\/strong><\/p>\n<p><strong><span style=\"color: #0000ff;\">ES 16<\/span> : I Martini &#8211; Fozzano (14,70 km) \/<span style=\"color: #0000ff;\"> 7h58<\/span><br><\/strong><strong><span style=\"color: #0000ff;\">ES 17<\/span> : <\/strong><strong>Pont d\u2019Acoravo &#8211; Zerubia (20,75 km) \/<span style=\"color: #0000ff;\"> 8h41<\/span><br><span style=\"color: #0000ff;\">ES 18<\/span> : Quenza &#8211; Zonza (5,99 km) \/ <span style=\"color: #0000ff;\">9h34<\/span><br><span style=\"color: #0000ff;\">ES 19<\/span> : Bavella &#8211; Kamiesh (26,60 km) \/ <span style=\"color: #0000ff;\">10h07<\/span><br><\/strong><\/p>\n<p><strong>Suivez les temps du rallye en live, via le site PatrickSoft :<\/strong><\/p>\n<p><a href=\"https:\/\/www.pksoft.fr\/fr\/direct.awp?P1=2&amp;P2=964\" target=\"_blank\" rel=\"noopener\"><strong>Les temps en VHC<\/strong><\/a><em><br><\/em><\/p>\n<p><a href=\"https:\/\/www.pksoft.fr\/fr\/direct.awp?P1=2&amp;P2=965\" target=\"_blank\" rel=\"noopener\"><strong>Les temps en VHRS<\/strong><\/a><\/p>\n<p><strong>\u2014\u2014\u2014\u2014\u2014\u2014\u2014\u2014\u2014\u2014\u2014\u2014\u2014\u2014\u2014\u2014\u2014\u2014\u2014\u2014\u2014\u2014<\/strong><\/p>\n<p><a href=\"https:\/\/www.tourdecorse-historique.fr\/_files\/ugd\/eab34f_d5e631230de54e23a922cd3bf6938b23.pdf\" target=\"_blank\" rel=\"noopener\"><strong>Liste des engag\u00e9s<\/strong><\/a><\/p>\n<p><strong>\u2014\u2014\u2014\u2014\u2014\u2014\u2014\u2014\u2014\u2014\u2014\u2014\u2014\u2014\u2014\u2014\u2014\u2014\u2014\u2014\u2014\u2014<\/strong><\/p>\n<p><strong><span style=\"color: #ff0000;\">Palmar\u00e8s<\/span> :<\/strong><\/p>\n<p><strong><span style=\"color: #0000ff;\">VHC<\/span> :<br>2021 : Casanova \/ Agostini \/ Jenot<br>2020 : Oreille \/ Casanova \/ Capanaccia<br><\/strong><strong>2019<\/strong> <strong>: Foulon \/ Casanova \/ Kelders<\/strong><br><strong>2018 : Cazaux \/ Auriol \/ Jenot<\/strong><br><strong>2017 : Valliccioni \/ Mourgues \/ Lafay<\/strong><strong><br><\/strong><\/p>\n<p><strong><span style=\"color: #0000ff;\">VHRS<\/span> :<br>2021 : Albertini \/ Larroque \/ Blaise<br>2020 : Baillet \/ Delandre \/ Garosi<br><\/strong><strong>2019 : Verneuil \/ Figuiere \/ Schon<\/strong><br><strong>2018 : Baillet \/ Schon \/ Euvrard<\/strong><br><strong>2017 : Baillet \/ Vlieghe \/ Lareppe<\/strong><\/p>\n\n\n<p><\/p>\n","protected":false},"excerpt":{"rendered":"<p>Incontournable f\u00eate de l&rsquo;historique, le Tour de Corse est de retour pour sa 22e \u00e9dition !<\/p>\n","protected":false},"author":2,"featured_media":7410,"comment_status":"closed","ping_status":"closed","sticky":false,"template":"","format":"standard","meta":{"ngg_post_thumbnail":0,"footnotes":""},"categories":[14],"tags":[],"class_list":["post-7409","post","type-post","status-publish","format-standard","has-post-thumbnail","hentry","category-presentations-rallyes"],"_links":{"self":[{"href":"https:\/\/rallyecorse.com\/index.php\/wp-json\/wp\/v2\/posts\/7409","targetHints":{"allow":["GET"]}}],"collection":[{"href":"https:\/\/rallyecorse.com\/index.php\/wp-json\/wp\/v2\/posts"}],"about":[{"href":"https:\/\/rallyecorse.com\/index.php\/wp-json\/wp\/v2\/types\/post"}],"author":[{"embeddable":true,"href":"https:\/\/rallyecorse.com\/index.php\/wp-json\/wp\/v2\/users\/2"}],"replies":[{"embeddable":true,"href":"https:\/\/rallyecorse.com\/index.php\/wp-json\/wp\/v2\/comments?post=7409"}],"version-history":[{"count":5,"href":"https:\/\/rallyecorse.com\/index.php\/wp-json\/wp\/v2\/posts\/7409\/revisions"}],"predecessor-version":[{"id":7421,"href":"https:\/\/rallyecorse.com\/index.php\/wp-json\/wp\/v2\/posts\/7409\/revisions\/7421"}],"wp:featuredmedia":[{"embeddable":true,"href":"https:\/\/rallyecorse.com\/index.php\/wp-json\/wp\/v2\/media\/7410"}],"wp:attachment":[{"href":"https:\/\/rallyecorse.com\/index.php\/wp-json\/wp\/v2\/media?parent=7409"}],"wp:term":[{"taxonomy":"category","embeddable":true,"href":"https:\/\/rallyecorse.com\/index.php\/wp-json\/wp\/v2\/categories?post=7409"},{"taxonomy":"post_tag","embeddable":true,"href":"https:\/\/rallyecorse.com\/index.php\/wp-json\/wp\/v2\/tags?post=7409"}],"curies":[{"name":"wp","href":"https:\/\/api.w.org\/{rel}","templated":true}]}}