{"id":7455,"date":"2022-11-05T15:21:05","date_gmt":"2022-11-05T14:21:05","guid":{"rendered":"http:\/\/rallyecorse.com\/?p=7455"},"modified":"2022-11-11T16:52:44","modified_gmt":"2022-11-11T15:52:44","slug":"presentation-mare-e-machja-2022","status":"publish","type":"post","link":"https:\/\/rallyecorse.com\/index.php\/2022\/11\/05\/presentation-mare-e-machja-2022\/","title":{"rendered":"Pr\u00e9sentation : Mare e Machja 2022"},"content":{"rendered":"<p><strong>Apr\u00e8s un dramatique rallye d&rsquo;Eccica-Suarella au mois de Mars dernier, l\u2019ASACC Tour de Corse est de retour avec le Mare e Machja !<\/strong><\/p>\n<p>ngg_shortcode_0_placeholder<strong>Alors que les organisateurs avaient remis avec succ\u00e8s le pied \u00e0 l&rsquo;\u00e9trier \u00e0 l&rsquo;occasion de la septi\u00e8me \u00e9dition du Mare e Machja il y a tout juste un an, le destin fut tragique au mois de Mars dernier avec l&rsquo;accident qui a cout\u00e9 la vie \u00e0 Jean-Antoine Fiori, et bless\u00e9 gri\u00e8vement Julien Tavera.<br \/>\n<\/strong><\/p>\n<p><strong>Ce rallye du Mare e Machja seront donc de nouveau l&rsquo;opportunit\u00e9 pour les organisateurs de repartir de l&rsquo;avant.<\/strong><\/p>\n<p><strong>Si l&rsquo;\u00e9dition 2021 avait \u00e9t\u00e9 marqu\u00e9e par un changement de format, l&rsquo;\u00e9dition 2022 se voudra elle dans la continuit\u00e9 de la pr\u00e9c\u00e9dente. Format et trac\u00e9 seront identiques.<br \/>\n<\/strong><\/p>\n<p><strong>La premi\u00e8re \u00e9tape d\u00e9butera le Samedi \u00e0 l&rsquo;heure du d\u00e9jeuner, avec une sp\u00e9ciale de pr\u00e8s de 26 km \u00e0 parcourir deux fois.<br \/>\n<\/strong><\/p>\n<p><strong>La deuxi\u00e8me \u00e9tape se d\u00e9roulera le Dimanche, avec une sp\u00e9ciale de pr\u00e8s de 15 km \u00e0 parcourir l\u00e0 aussi \u00e0 deux reprises.<\/strong><\/p>\n<p><strong>Du c\u00f4t\u00e9 des engag\u00e9s, ils sont au total 85 \u00e0 avoir r\u00e9pondu pr\u00e9sents.<\/strong><\/p>\n<p><strong>En Moderne ils seront 61, avec en t\u00eate de liste Renaud Berard, le vainqueur surprise de l&rsquo;\u00e9dition 2021. Ses principaux adversaires seront Paul-Antoine Santoni, vainqueur de l&rsquo;\u00e9preuve en 2018, et Thomas Argenti. Paul Mariani et Tony Aguzzi seront \u00e9galement l\u00e0 en tant qu&rsquo;outsider. En F2000-14, Franchi et Milanini voudront aussi jouer leur carte pour viser haut dans le classement.<br \/>\n<\/strong><\/p>\n<p><strong>Alors qu&rsquo;il avait repris le volant l&rsquo;an dernier en tant qu&rsquo;ouvreur, apr\u00e8s douze ans sans comp\u00e9tition, Patrick Bernardini enchaine apr\u00e8s sa participation au Tour de Corse Historique du mois dernier. Fid\u00e8le \u00e0 BMW, on peut compter sur l&rsquo;ancien double champion de France pour faire le spectacle.<\/strong><\/p>\n<p><strong>Apr\u00e8s la terrible \u00e9preuve du mois de Mars, Guy Fiori sera pr\u00e9sent au volant de sa Skoda. Nul doute que la charge \u00e9motionnelle sera importante, pour rendre hommage \u00e0 son fils.<\/strong><\/p>\n<p><strong>En VHC ils seront 15, avec en chefs de file les trois pilotes sur BMW M3, Mancini, Stofati, et Stachino.<br \/>\n<\/strong><\/p>\n<p><strong>En VHRS ils seront 6, avec notamment le vainqueur sortant, Rossini. Face \u00e0 lui Seguier voudra faire parler son exp\u00e9rience pour d\u00e9crocher la victoire.<br \/>\n<\/strong><\/p>\n<p><strong>En VMRS ils seront 3, avec des autos tr\u00e8s diff\u00e9rentes les unes des autres. Dans cette cat\u00e9gorie encore peu d\u00e9velopp\u00e9e dans l&rsquo;\u00eele, il sera int\u00e9ressant de suivre ce trio.<\/strong><\/p>\n<p><strong>\u2014\u2014\u2014\u2014\u2014\u2014\u2014\u2014\u2014\u2014\u2014\u2014\u2014\u2014\u2014\u2014\u2014\u2014\u2014\u2014\u2014\u2014<\/strong><\/p>\n<p><strong><span style=\"color: #ff0000;\">Etape 1<\/span> \u2013 Samedi 12 Novembre<br \/>\n<\/strong><\/p>\n<p><strong><span style=\"color: #0000ff;\">ES 1<\/span> : Pietrosella \u2013 Acqua Doria 1 (25,89 km) \/ <span style=\"color: #0000ff;\">11h58<\/span><\/strong><br \/>\n<strong><span style=\"color: #0000ff;\">ES 2<\/span> : Pietrosella \u2013 Acqua Doria 2 (25,89 km) \/ <span style=\"color: #0000ff;\">14h41<\/span><br \/>\n<\/strong><\/p>\n<p><strong><span style=\"color: #ff0000;\">Etape 2<\/span> \u2013 Dimanche 13 Novembre <\/strong><\/p>\n<p><strong><span style=\"color: #0000ff;\">ES 3<\/span> : Zizoli \u2013 Agosta 1 (14,88 km) \/ <span style=\"color: #0000ff;\">10h18<\/span><br \/>\n<span style=\"color: #0000ff;\">ES 4<\/span> : Zizoli \u2013 Agosta 2 (14,88 km) \/ <span style=\"color: #0000ff;\">12h16<\/span><br \/>\n<\/strong><\/p>\n<p>ngg_shortcode_1_placeholder<strong>Suivez les temps du rallye en direct :<\/strong><\/p>\n<p><a href=\"https:\/\/my.raceresult.com\/220021\/live\" target=\"_blank\" rel=\"noopener\"><strong>MyRaceResult<\/strong><\/a><strong><br \/>\n<\/strong><\/p>\n<p><strong>\u2014\u2014\u2014\u2014\u2014\u2014\u2014\u2014\u2014\u2014\u2014\u2014\u2014\u2014\u2014\u2014\u2014\u2014\u2014\u2014\u2014\u2014<\/strong><\/p>\n<p><strong><a href=\"https:\/\/www.asacc.fr\/attachment\/2378653\/\" target=\"_blank\" rel=\"noopener\">Liste des engag\u00e9s Moderne<\/a><br \/>\n<\/strong><\/p>\n<p><strong><a href=\"https:\/\/www.asacc.fr\/attachment\/2378655\/\" target=\"_blank\" rel=\"noopener\">Liste des engag\u00e9s VHC<\/a><em><br \/>\n<\/em><\/strong><\/p>\n<p><a href=\"https:\/\/www.asacc.fr\/attachment\/2378656\/\" target=\"_blank\" rel=\"noopener\"><strong>Liste des engag\u00e9s VHRS<\/strong><\/a><\/p>\n<p><a href=\"https:\/\/www.asacc.fr\/attachment\/2378657\/\" target=\"_blank\" rel=\"noopener\"><strong>Liste des engag\u00e9s VMRS<\/strong><\/a><\/p>\n<p><strong>\u2014\u2014\u2014\u2014\u2014\u2014\u2014\u2014\u2014\u2014\u2014\u2014\u2014\u2014\u2014\u2014\u2014\u2014\u2014\u2014\u2014\u2014<\/strong><\/p>\n<p><strong>Palmar\u00e8s :<\/strong><\/p>\n<p><strong><span style=\"color: #0000ff;\">Moderne<\/span> :<br \/>\n2021 : Berard \/ Papi \/ Andreucci<br \/>\n2020 : Non organis\u00e9 (Covid-19)<br \/>\n2019 : Papi \/ Fiori J-A \/ Leonardi<br \/>\n2018 : <\/strong><strong>Santoni \/ Pomponi \/ Fiori J-A<\/strong><br \/>\n<strong>2017 : Leandri \/ Gordon \/ Lefebvre<\/strong><strong><br \/>\n<\/strong><\/p>\n<p><strong>Record de victoires sur l\u2019\u00e9preuve :<\/strong>&nbsp;<strong> Santoni, Leandri, Papi, Broquet (1)<\/strong><\/p>\n<p><strong><span style=\"color: #0000ff;\">VHC<\/span> :<br \/>\n2021 : Bikodoroff \/ De La Foata \/ Marcelli<br \/>\n2020 : Non organis\u00e9 (Covid-19)<br \/>\n2019 : Marcelli<br \/>\n<\/strong><strong>2018 : Valliccioni \/ De La Foata \/ Marcelli<\/strong><br \/>\n<strong>2017 : Valliccioni \/ Torre \/ D\u2019Amore F<\/strong><\/p>\n<p><strong><span style=\"color: #0000ff;\">VHRS<\/span> :<br \/>\n2021 : Rossini \/ Tomi \/ Piredda<br \/>\n2020 : Non organis\u00e9 (Covid-19)<br \/>\n2019 : Spinetti \/ Lamour \/ Rossini<br \/>\n2018 : Avolio \/ Casanova \/ Paoli<br \/>\n2017 : Firroloni \/ Avolio \/ Lamour<br \/>\n<\/strong><\/p>\n","protected":false},"excerpt":{"rendered":"<p>Apr\u00e8s un dramatique rallye d&rsquo;Eccica-Suarella au mois de Mars dernier, l\u2019ASACC Tour de Corse est de retour avec le Mare&hellip; <a class=\"read-more\" href=\"https:\/\/rallyecorse.com\/index.php\/2022\/11\/05\/presentation-mare-e-machja-2022\/\">Continuer la lecture<\/a><\/p>\n","protected":false},"author":2,"featured_media":7463,"comment_status":"closed","ping_status":"closed","sticky":false,"template":"","format":"standard","meta":{"ngg_post_thumbnail":0,"footnotes":""},"categories":[14],"tags":[],"class_list":["post-7455","post","type-post","status-publish","format-standard","has-post-thumbnail","hentry","category-presentations-rallyes"],"_links":{"self":[{"href":"https:\/\/rallyecorse.com\/index.php\/wp-json\/wp\/v2\/posts\/7455","targetHints":{"allow":["GET"]}}],"collection":[{"href":"https:\/\/rallyecorse.com\/index.php\/wp-json\/wp\/v2\/posts"}],"about":[{"href":"https:\/\/rallyecorse.com\/index.php\/wp-json\/wp\/v2\/types\/post"}],"author":[{"embeddable":true,"href":"https:\/\/rallyecorse.com\/index.php\/wp-json\/wp\/v2\/users\/2"}],"replies":[{"embeddable":true,"href":"https:\/\/rallyecorse.com\/index.php\/wp-json\/wp\/v2\/comments?post=7455"}],"version-history":[{"count":5,"href":"https:\/\/rallyecorse.com\/index.php\/wp-json\/wp\/v2\/posts\/7455\/revisions"}],"predecessor-version":[{"id":7468,"href":"https:\/\/rallyecorse.com\/index.php\/wp-json\/wp\/v2\/posts\/7455\/revisions\/7468"}],"wp:featuredmedia":[{"embeddable":true,"href":"https:\/\/rallyecorse.com\/index.php\/wp-json\/wp\/v2\/media\/7463"}],"wp:attachment":[{"href":"https:\/\/rallyecorse.com\/index.php\/wp-json\/wp\/v2\/media?parent=7455"}],"wp:term":[{"taxonomy":"category","embeddable":true,"href":"https:\/\/rallyecorse.com\/index.php\/wp-json\/wp\/v2\/categories?post=7455"},{"taxonomy":"post_tag","embeddable":true,"href":"https:\/\/rallyecorse.com\/index.php\/wp-json\/wp\/v2\/tags?post=7455"}],"curies":[{"name":"wp","href":"https:\/\/api.w.org\/{rel}","templated":true}]}}