{"id":7469,"date":"2022-11-22T19:13:15","date_gmt":"2022-11-22T18:13:15","guid":{"rendered":"http:\/\/rallyecorse.com\/?p=7469"},"modified":"2022-11-22T19:13:17","modified_gmt":"2022-11-22T18:13:17","slug":"objectif-rallye-remet-le-couvert-en-2023","status":"publish","type":"post","link":"https:\/\/rallyecorse.com\/index.php\/2022\/11\/22\/objectif-rallye-remet-le-couvert-en-2023\/","title":{"rendered":"Objectif Rallye remet le couvert en 2023 !"},"content":{"rendered":"<p><strong>Apr\u00e8s le succ\u00e8s de la premi\u00e8re \u00e9dition, l&rsquo;op\u00e9ration de d\u00e9tection Objectif Rallye va de nouveau avoir lieu en 2023, avec quelques ajustements.<\/strong><\/p>\n<p>&nbsp;<\/p>\n<p><strong>En F\u00e9vrier et Mars dernier avait lieu la premi\u00e8re \u00e9dition d&rsquo;Objectif Rallye.<\/strong><\/p>\n<p><strong>L&rsquo;id\u00e9e \u00e9tait simple sur le papier ; permettre \u00e0 une personne de moins de 27 ans de pouvoir acc\u00e9der \u00e0 un programme cl\u00e9s en mains de trois courses. Les seuls crit\u00e8res obligatoires en dehors de l&rsquo;\u00e2ge \u00e9tant d&rsquo;\u00eatre titulaire du permis B, et d&rsquo;\u00eatre r\u00e9sident corse.<\/strong><\/p>\n<p><strong>Apr\u00e8s avoir pass\u00e9 des s\u00e9lections sur une Clio de s\u00e9rie, les meilleurs temps se retrouvent ensuite en demi finale pour une fois de plus affronter le chrono, et acc\u00e9der \u00e0 la finale Celle-ci se d\u00e9roule sur une Clio Rally5, qui sera l&rsquo;auto d\u00e9volue au vainqueur. Lors de la finale, le chrono n&rsquo;est pas le seul \u00e9l\u00e9ment qui permet de remporter le volant, puisqu&rsquo;il y a \u00e9galement un entretien face \u00e0 un jury.<\/strong><\/p>\n<p><strong>En 2022 tout se d\u00e9roulait \u00e0 l&rsquo;a\u00e9rodrome de Corte. En 2023 ce sera un petit peu diff\u00e9rent, puisque les s\u00e9lections se passeront de la mani\u00e8re suivante :<\/strong><\/p>\n<ul>\n<li><strong>Samedi 28 Janvier 2023 : Journ\u00e9e de s\u00e9lections \u00e0 Ajaccio<\/strong><\/li>\n<li><strong>Dimanche 29 Janvier 2023 : Journ\u00e9e de s\u00e9lectio<\/strong><strong>ns \u00e0 Bastia<\/strong><\/li>\n<\/ul>\n<p><strong>Le but est de se rapprocher d&rsquo;avantage des jeunes, et ainsi pourquoi pas de toucher des personnes totalement n\u00e9ophytes au monde du rallye.<\/strong><\/p>\n<p><strong>Les inscriptions se feront en ligne, pour un montant de 60 Euros, \u00e0 partir du 1er D\u00e9cembre.<\/strong><\/p>\n<p><strong>Les pr\u00e9tendants \u00e9tabliront leur chrono le matin, et avec la possibilit\u00e9 d&rsquo;un \u00ab\u00a0rachat\u00a0\u00bb pour un second tour l&rsquo;apr\u00e8s-midi (qui coutera cette fois-ci 50 \u20ac).<\/strong><\/p>\n<p>ngg_shortcode_0_placeholder<strong>La phase finale se passera le <\/strong><strong>Dimanche 12 F\u00e9vrier 2023 \u00e0 Corte. Les demi finale le matin, toujours sur une Clio de s\u00e9rie, et la finale l&rsquo;apr\u00e8s midi, sur la Clio Rally5. Cette fois-ci il n&rsquo;y aura pas de rachat possible.<br \/>\n<\/strong><\/p>\n<p>ngg_shortcode_1_placeholder<strong>Comme pour la premi\u00e8re \u00e9dition, le vainqueur remportera un programme de trois courses, sur une Clio Rally5 suivie par la structure Casanova Sport Auto, tous frais pay\u00e9s (location de la voiture, essais, pneus, carburant, \u00e9quipement, et engagement).<\/strong><\/p>\n<p>ngg_shortcode_2_placeholder<strong>Les \u00e9preuves seront deux Nationaux en Corse (l&rsquo;Aiacciu Corsica Suttana, et la Ronde de la Giraglia), et une \u00e9preuve en Championnat de France (Antibes).<\/strong><\/p>\n<p><strong>A noter que par rapport \u00e0 l&rsquo;\u00e9dition pr\u00e9c\u00e9dente, il n&rsquo;y aura pas de suppl\u00e9ant. Si le vainqueur de l&rsquo;op\u00e9ration devait \u00eatre amen\u00e9 \u00e0 d\u00e9clarer forfait, le second meilleur temps de la finale serait s\u00e9lectionn\u00e9.<\/strong><\/p>\n<p><strong>Les s\u00e9lections seront ouvertes au public, et seront l&rsquo;occasion de diverses animations (simulateur, bapt\u00eame, etc&#8230;) pour une journ\u00e9e de convivialit\u00e9.<\/strong><\/p>\n<p><strong>Alors qui va succ\u00e9der \u00e0 Romain Buresi ? Rendez-vous le Dimanche 12 F\u00e9vrier pour le savoir !!<\/strong><\/p>\n","protected":false},"excerpt":{"rendered":"<p>Apr\u00e8s le succ\u00e8s de la premi\u00e8re \u00e9dition, l&rsquo;op\u00e9ration de d\u00e9tection Objectif Rallye va de nouveau avoir lieu en 2023, avec quelques ajustements.<\/p>\n","protected":false},"author":2,"featured_media":7106,"comment_status":"closed","ping_status":"closed","sticky":false,"template":"","format":"standard","meta":{"ngg_post_thumbnail":0,"footnotes":""},"categories":[14],"tags":[],"class_list":["post-7469","post","type-post","status-publish","format-standard","has-post-thumbnail","hentry","category-presentations-rallyes"],"_links":{"self":[{"href":"https:\/\/rallyecorse.com\/index.php\/wp-json\/wp\/v2\/posts\/7469","targetHints":{"allow":["GET"]}}],"collection":[{"href":"https:\/\/rallyecorse.com\/index.php\/wp-json\/wp\/v2\/posts"}],"about":[{"href":"https:\/\/rallyecorse.com\/index.php\/wp-json\/wp\/v2\/types\/post"}],"author":[{"embeddable":true,"href":"https:\/\/rallyecorse.com\/index.php\/wp-json\/wp\/v2\/users\/2"}],"replies":[{"embeddable":true,"href":"https:\/\/rallyecorse.com\/index.php\/wp-json\/wp\/v2\/comments?post=7469"}],"version-history":[{"count":1,"href":"https:\/\/rallyecorse.com\/index.php\/wp-json\/wp\/v2\/posts\/7469\/revisions"}],"predecessor-version":[{"id":7491,"href":"https:\/\/rallyecorse.com\/index.php\/wp-json\/wp\/v2\/posts\/7469\/revisions\/7491"}],"wp:featuredmedia":[{"embeddable":true,"href":"https:\/\/rallyecorse.com\/index.php\/wp-json\/wp\/v2\/media\/7106"}],"wp:attachment":[{"href":"https:\/\/rallyecorse.com\/index.php\/wp-json\/wp\/v2\/media?parent=7469"}],"wp:term":[{"taxonomy":"category","embeddable":true,"href":"https:\/\/rallyecorse.com\/index.php\/wp-json\/wp\/v2\/categories?post=7469"},{"taxonomy":"post_tag","embeddable":true,"href":"https:\/\/rallyecorse.com\/index.php\/wp-json\/wp\/v2\/tags?post=7469"}],"curies":[{"name":"wp","href":"https:\/\/api.w.org\/{rel}","templated":true}]}}