{"id":7515,"date":"2023-01-30T00:08:38","date_gmt":"2023-01-29T23:08:38","guid":{"rendered":"http:\/\/rallyecorse.com\/?p=7515"},"modified":"2023-01-30T00:08:40","modified_gmt":"2023-01-29T23:08:40","slug":"presentation-rallye-du-fiumorbu-castellu-2023","status":"publish","type":"post","link":"https:\/\/rallyecorse.com\/index.php\/2023\/01\/30\/presentation-rallye-du-fiumorbu-castellu-2023\/","title":{"rendered":"Pr\u00e9sentation : Rallye du Fium&rsquo;Orbu &#8211; Castellu 2023"},"content":{"rendered":"<p><strong>Comme l&rsquo;ann\u00e9e derni\u00e8re le rallye du Fium&rsquo;Orbu &#8211; Castellu va inaugurer l&rsquo;ann\u00e9e 2023 des rallyes insulaires.<\/strong><\/p>\n<p>ngg_shortcode_0_placeholder<strong>C&rsquo;\u00e9tait une nouveaut\u00e9 en 2022 pour l&rsquo;ASA Terre de Corse, et c&rsquo;est dans la continuit\u00e9 que les organisateurs s&rsquo;inscrivent en 2023.<\/strong><\/p>\n<p><strong>Le parcours reste quasi inchang\u00e9, avec toujours la sp\u00e9ciale de \u00ab\u00a0Casa Pieraggi &#8211; Lugu di Nazza\u00a0\u00bb \u00e0 effectuer \u00e0 trois reprises. Seul changement, le d\u00e9part et l&rsquo;arriv\u00e9e sont d\u00e9cal\u00e9s d&rsquo;environ 900 m.<\/strong><\/p>\n<p><strong>Pour cette seconde \u00e9dition, ils sont 67 \u00e0 avoir r\u00e9pondu pr\u00e9sents, r\u00e9partis en Moderne, VHC, et VMRS.<\/strong><\/p>\n<p><strong>Du c\u00f4t\u00e9 des Modernes, ils seront 51 engag\u00e9s. Les pr\u00e9tendants \u00e0 la victoire seront nombreux en l&rsquo;absence du tenant du titre, \u00e0 commencer par le tout nouveau champion de Corse, Thomas Argenti, deuxi\u00e8me l&rsquo;ann\u00e9e derni\u00e8re. Face \u00e0 lui Georges Moracchini devrait \u00eatre son principal adversaire, lui qui a termin\u00e9 troisi\u00e8me en 2022. Joel Ottomani, r\u00e9gional de l&rsquo;\u00e9tape, aura \u00e0 coeur de briller chez lui. Pierre-Paul Baltolu fera lui sa premi\u00e8re course en Corse au volant d&rsquo;une R5\/Rally2 (apr\u00e8s un premier essai encourageant en Sardaigne en Octobre dernier), et pourrait faire partir des surprises de ce rallye.<br \/>\n<\/strong><\/p>\n<p><strong>Parmi les outsider, Jean-Jo Galeani et Pierre-Marc Nannucci devraient animer la course. Paul-Andr\u00e9 Mariani sera \u00e9galement \u00e0 surveiller au volant de la Clio Rally4.<\/strong><\/p>\n<p><strong>A noter la pr\u00e9sence de David Edel, au volant d&rsquo;une 306 Maxi du Sebastien Loeb Racing.<\/strong><\/p>\n<p><strong>Concernant les VHC, ils seront 13 engag\u00e9s. Vainqueur en 2022, Giacomo Pinna sera l\u00e0 pour remettre son titre en jeu. Son principal adversaire devrait \u00eatre Jean-Baptiste Botti, mais il ne faut pas oublier pour autant les toujours v\u00e9loces Louis Antonini et Dum\u00e8 Pamart !<br \/>\n<\/strong><\/p>\n<p><strong>Nouveaut\u00e9 2023, la pr\u00e9sence des VMRS. Ils seront au nombre de 3. L&rsquo;exp\u00e9rience d&rsquo;Eric Saoletti en fait un favori l\u00e9gitime, mais en cat\u00e9gorie R\u00e9gularit\u00e9 il peut toujours y avoir des surprises !<br \/>\n<\/strong><\/p>\n<p><strong>\u2014\u2014\u2014\u2014\u2014\u2014\u2014\u2014\u2014\u2014\u2014\u2014\u2014\u2014\u2014\u2014\u2014\u2014\u2014\u2014\u2014\u2014<\/strong><\/p>\n<p><strong>Samedi 4 F\u00e9vrier<br \/>\n<\/strong><\/p>\n<p><strong><span style=\"color: #0000ff;\">ES 1<\/span> : Casa Pieraggi &#8211; Lugu di Nazza (13,09 km) \/ <span style=\"color: #0000ff;\">9h35<\/span><br \/>\n<span style=\"color: #0000ff;\">ES 2<\/span> : Casa Pieraggi &#8211; Lugu di Nazza (13,09 km) \/ <span style=\"color: #0000ff;\">12h00<\/span><br \/>\n<span style=\"color: #0000ff;\">ES 3<\/span> : Casa Pieraggi &#8211; Lugu di Nazza (13,09 km) \/<span style=\"color: #0000ff;\"> 14h25<\/span><br \/>\n<\/strong><\/p>\n<p>ngg_shortcode_1_placeholder<strong>Suivez les temps du rallye en direct sur le site PatrickSoft :<\/strong><\/p>\n<p><a href=\"https:\/\/pksoft.fr\/FR\/Direct.awp?P1=1&amp;P2=12900263&amp;AWPID6DE40ED0=6F60AE610714D26E6207F4DE1A92B47F24554FA9\" target=\"_blank\" rel=\"noopener\"><strong>Direct \u2013 Moderne<\/strong><\/a><em><br \/>\n<\/em><\/p>\n<p><a href=\"https:\/\/pksoft.fr\/FR\/Direct.awp?P1=1&amp;P2=12900264&amp;AWPID6DE40ED0=6F60AE610714D26E6207F4DE1A92B47F24554FA9\" target=\"_blank\" rel=\"noopener\"><strong>Direct \u2013 VHC<\/strong><\/a><\/p>\n<p><strong>Direct &#8211; VMRS<\/strong><\/p>\n<p><strong>\u2014\u2014\u2014\u2014\u2014\u2014\u2014\u2014\u2014\u2014\u2014\u2014\u2014\u2014\u2014\u2014\u2014\u2014\u2014\u2014\u2014\u2014<\/strong><\/p>\n<p><strong>Liste des engag\u00e9s<\/strong><strong><br \/>\n<\/strong><\/p>\n<p>ngg_shortcode_2_placeholder<strong>Liste des engag\u00e9s VHC et<\/strong><strong> VMRS<\/strong><\/p>\n<p>ngg_shortcode_3_placeholder<strong>\u2014\u2014\u2014\u2014\u2014\u2014\u2014\u2014\u2014\u2014\u2014\u2014\u2014\u2014\u2014\u2014\u2014\u2014\u2014\u2014\u2014\u2014<\/strong><\/p>\n<p><strong><span style=\"color: #ff0000;\">Palmar\u00e8s<\/span> :<\/strong><\/p>\n<p><strong><span style=\"color: #0000ff;\">Moderne<\/span> :<br \/>\n2022 : Quilichini \/ Argenti \/ Moracchini<br \/>\n<\/strong><\/p>\n<p><strong><span style=\"color: #0000ff;\">VHC :<br \/>\n<span style=\"color: #000000;\">2022 : Pinna \/ Alerini \/ Rognoni<\/span> <\/span><\/strong><\/p>\n","protected":false},"excerpt":{"rendered":"<p>Comme l&rsquo;ann\u00e9e derni\u00e8re le rallye du Fium&rsquo;Orbu &#8211; Castellu va inaugurer l&rsquo;ann\u00e9e 2023 des rallyes insulaires.<\/p>\n","protected":false},"author":2,"featured_media":7527,"comment_status":"closed","ping_status":"closed","sticky":false,"template":"","format":"standard","meta":{"ngg_post_thumbnail":0,"footnotes":""},"categories":[1],"tags":[],"class_list":["post-7515","post","type-post","status-publish","format-standard","has-post-thumbnail","hentry","category-non-classe"],"_links":{"self":[{"href":"https:\/\/rallyecorse.com\/index.php\/wp-json\/wp\/v2\/posts\/7515","targetHints":{"allow":["GET"]}}],"collection":[{"href":"https:\/\/rallyecorse.com\/index.php\/wp-json\/wp\/v2\/posts"}],"about":[{"href":"https:\/\/rallyecorse.com\/index.php\/wp-json\/wp\/v2\/types\/post"}],"author":[{"embeddable":true,"href":"https:\/\/rallyecorse.com\/index.php\/wp-json\/wp\/v2\/users\/2"}],"replies":[{"embeddable":true,"href":"https:\/\/rallyecorse.com\/index.php\/wp-json\/wp\/v2\/comments?post=7515"}],"version-history":[{"count":3,"href":"https:\/\/rallyecorse.com\/index.php\/wp-json\/wp\/v2\/posts\/7515\/revisions"}],"predecessor-version":[{"id":7528,"href":"https:\/\/rallyecorse.com\/index.php\/wp-json\/wp\/v2\/posts\/7515\/revisions\/7528"}],"wp:featuredmedia":[{"embeddable":true,"href":"https:\/\/rallyecorse.com\/index.php\/wp-json\/wp\/v2\/media\/7527"}],"wp:attachment":[{"href":"https:\/\/rallyecorse.com\/index.php\/wp-json\/wp\/v2\/media?parent=7515"}],"wp:term":[{"taxonomy":"category","embeddable":true,"href":"https:\/\/rallyecorse.com\/index.php\/wp-json\/wp\/v2\/categories?post=7515"},{"taxonomy":"post_tag","embeddable":true,"href":"https:\/\/rallyecorse.com\/index.php\/wp-json\/wp\/v2\/tags?post=7515"}],"curies":[{"name":"wp","href":"https:\/\/api.w.org\/{rel}","templated":true}]}}