{"id":7686,"date":"2023-05-27T14:03:00","date_gmt":"2023-05-27T12:03:00","guid":{"rendered":"http:\/\/rallyecorse.com\/?p=7686"},"modified":"2023-05-29T14:26:24","modified_gmt":"2023-05-29T12:26:24","slug":"presentation-aleria-historic-rally-2023","status":"publish","type":"post","link":"https:\/\/rallyecorse.com\/index.php\/2023\/05\/27\/presentation-aleria-historic-rally-2023\/","title":{"rendered":"Pr\u00e9sentation &#8211; Aleria Historic Rally 2023"},"content":{"rendered":"<p><strong>Pour la troisi\u00e8me ann\u00e9e se d\u00e9roule l&rsquo;Aleria Historic Rally, \u00e9preuve se d\u00e9roulant \u00e0 la fois sur asphalte, mais aussi sur terre.<\/strong><\/p>\n<p>ngg_shortcode_0_placeholder<strong>Epreuve atypique du calendrier, l&rsquo;Aleria Historic Rally propose aux concurrents de rouler sur asphalte, et\/ ou sur terre. Les \u00e9quipages ont ainsi le choix de faire un rallye deux en un, avec les deux surfaces qui se succ\u00e8dent, ou de ne rouler que sur l&rsquo;une des deux surfaces.<\/strong><\/p>\n<p><strong>Particularit\u00e9 de taille cette ann\u00e9e, la partie terre se fera en doublure de la manche du championnat de France des rallyes terre.<\/strong><\/p>\n<p><strong>Du c\u00f4t\u00e9 des engag\u00e9s, ils seront 29 sur la partie Asphalte.<\/strong><\/p>\n<p><strong>Du c\u00f4t\u00e9 des VHC, ils sont 22 \u00e0 avoir r\u00e9pondu pr\u00e9sents, et la qualit\u00e9 du plateau devrait donner lieu \u00e0 de beaux duels. Parmi les favoris, Olivier Capanaccia (vainqueur en titre) et Christophe Casanova (vainqueur en 2021, et second en 2022) \u00e9volueront au volant de BMW M3, Alain Deveza (troisi\u00e8me l&rsquo;an pass\u00e9) avec une Porsche, et Fran\u00e7ois Delecour (copilot\u00e9 par son \u00e9pouse Priscille) avec une Escort Mk2.<\/strong><\/p>\n<p><strong>Derri\u00e8re, comptons parmi les outsiders, Pierre Vivier (troisi\u00e8me en 2021), et J\u00e9r\u00f4me Mancini (sixi\u00e8me du Tour de Corse Historique 2022) sur BMW M3, ou encore Jean-Pierre Raffalli sur Subaru Legacy. Ce dernier s&rsquo;alignera pour la premi\u00e8re fois sur la version asphalte de l&rsquo;\u00e9preuve, avant d&rsquo;enchainer sur la version terre, au volant d&rsquo;une Lancia Delta, comme lors de ses deux participations pr\u00e9c\u00e9dentes.<\/strong><\/p>\n<p><strong>Apr\u00e8s un premier galop d&rsquo;essai compliqu\u00e9 au Costa Serena, Robert Simonetti sera de nouveau sur la ligne de d\u00e9part au volant de sa Lancia 037.<\/strong><\/p>\n<p><strong>Du c\u00f4t\u00e9 des VMRS ils seront 7 \u00e0 \u00eatre pr\u00e9sents. Second l&rsquo;ann\u00e9e derni\u00e8re, Jean-Rodolphe Guigonnnet partira favori. Porsche sera tr\u00e8s fortement repr\u00e9sent\u00e9, puisqu&rsquo;ils seront six \u00e0 s&rsquo;aligner sur une auto de la marque allemande. Seul Figueras sera sur une Toyota.<\/strong><\/p>\n<p><strong>\u2014\u2014\u2014\u2014\u2014\u2014\u2014\u2014\u2014\u2014\u2014\u2014\u2014\u2014\u2014\u2014\u2014\u2014\u2014\u2014\u2014\u2014<\/strong><\/p>\n<p><strong>Partie ASPHALTE<\/strong><\/p>\n<p><strong><span style=\"color: #ff0000;\">Etape 1<\/span> &#8211; Lundi 29 Mai<br \/>\n<\/strong><\/p>\n<p><strong><span style=\"color: #0000ff;\">ES 1<\/span> : La Minera (14,35 km) \/ <span style=\"color: #0000ff;\">17h23<\/span><\/strong><\/p>\n<p><strong><span style=\"color: #ff0000;\">Etape 2<\/span> &#8211; Mardi 30 Mai<br \/>\n<\/strong><\/p>\n<p><strong><span style=\"color: #0000ff;\">ES 2<\/span> : Pinzzalone \u2013 Vezzani (13,54 km) \/<span style=\"color: #0000ff;\"> 8h43<\/span><br \/>\n<span style=\"color: #0000ff;\">ES 3<\/span> : Erbajolo \u2013 Renault Corte 1 (8,27 km) \/<span style=\"color: #0000ff;\"> 10h06<\/span><br \/>\n<span style=\"color: #0000ff;\">ES 4<\/span> : Antisanti \u2013 Casevecchie (22,77 km) \/<span style=\"color: #0000ff;\"> 11h34<\/span><br \/>\n<span style=\"color: #0000ff;\">ES 5<\/span> : Erbajolo \u2013 Renault Corte 1 (8,27 km) \/<span style=\"color: #0000ff;\"> 15h27<\/span><br \/>\n<span style=\"color: #0000ff;\">ES 6<\/span> : Muracciole \u2013 Casevecchie \u2013 Euromat (30,00 km) \/ <span style=\"color: #0000ff;\">16h40<\/span><br \/>\n<\/strong><\/p>\n<p><strong><span style=\"color: #ff0000;\">Etape 3<\/span> &#8211; Mercredi 31 Mai<br \/>\n<\/strong><\/p>\n<p><strong><span style=\"color: #0000ff;\">ES 7<\/span> : Carregia \u2013 Moita (21,29 km) \/ <span style=\"color: #0000ff;\">8h48<\/span><br \/>\n<span style=\"color: #0000ff;\">ES 8<\/span> : Zalana \u2013 Col de Casardo (13,88 km) \/ <span style=\"color: #0000ff;\">10h16<\/span><br \/>\n<span style=\"color: #0000ff;\">ES 9<\/span> : Tralonca \u2013 Sermano (14,38 km) \/ <span style=\"color: #0000ff;\">14h04<\/span><br \/>\n<span style=\"color: #0000ff;\">ES 10<\/span> : Altiani &#8211; Pianello (29,78 km) \/<span style=\"color: #0000ff;\"> 15h12<\/span><\/strong><\/p>\n<p>ngg_shortcode_1_placeholder<strong>Suivez les temps en direct sur <a href=\"https:\/\/www.chronolive.fr\/\" target=\"_blank\" rel=\"noopener\">Chronolive<\/a><br \/>\n<\/strong><\/p>\n<p><strong>\u2014\u2014\u2014\u2014\u2014\u2014\u2014\u2014\u2014\u2014\u2014\u2014\u2014\u2014\u2014\u2014\u2014\u2014\u2014\u2014\u2014\u2014<\/strong><\/p>\n<p><strong>Liste des engag\u00e9s<\/strong><\/p>\n<p>ngg_shortcode_2_placeholder<strong>\u2014\u2014\u2014\u2014\u2014\u2014\u2014\u2014\u2014\u2014\u2014\u2014\u2014\u2014\u2014\u2014\u2014\u2014\u2014\u2014\u2014\u2014<\/strong><\/p>\n<p><strong><span style=\"color: #ff0000;\">Palmar\u00e8s<\/span> (Asphalte) :<\/strong><\/p>\n<p><strong><span style=\"color: #0000ff;\">VHC<\/span> :<br \/>\n2022 : Capanaccia \/ Casanova \/ Deveza<br \/>\n<\/strong><strong>2021 : Casanova \/ Marchetti \/ Vivier<\/strong><\/p>\n<p><strong><span style=\"color: #0000ff;\">VHRS<\/span> :<br \/>\n2022 : Girard<br \/>\n2021 : Figuiere \/ Sidrac \/ Borens<\/strong><\/p>\n<p><strong><span style=\"color: #0000ff;\">VMRS<\/span> :<br \/>\n2022 : Groualle \/ Guigonnet \/ Chardes<\/strong><\/p>\n<p><strong>\u2014\u2014\u2014\u2014\u2014\u2014\u2014\u2014\u2014\u2014\u2014\u2014\u2014\u2014\u2014\u2014\u2014\u2014\u2014\u2014\u2014\u2014<\/strong><\/p>\n<p><strong>Concernant la partie terre, ils seront 18 \u00e0 \u00eatre pr\u00e9sents.<br \/>\n<\/strong><\/p>\n<p><strong>Alain Deveza, second de l\u2019Aleria Historic Rally Terre en 2021, et vainqueur en 2022, fera figure de favori, au volant de sa Porsche 911. Face \u00e0 lui, Jean-Manuel Beuzelin (champion de France VHC terre), ou encore Jean-Pierre Raffalli (deuxi\u00e8me en 2022), voudront faire parler leurs puissantes Subaru Legacy, et Lancia Delta Integrale. Egalement sur une Lancia Delta, Eric Mallen fera partie des outsiders, et visera le podium.<\/strong><\/p>\n<p><strong>Partie TERRE<\/strong><\/p>\n<p><strong><span style=\"color: #ff0000;\">Etape 1<\/span> \u2013 Vendredi 2 Juin<br \/>\n<\/strong><\/p>\n<p><strong><span style=\"color: #0000ff;\">ES 1<\/span> : ###### (15,00 km) \/ <span style=\"color: #0000ff;\">11h28<\/span><br \/>\n<span style=\"color: #0000ff;\">ES 2<\/span> : ###### (11,93 km) \/ <span style=\"color: #0000ff;\">12h16<\/span><br \/>\n<span style=\"color: #0000ff;\">ES 3<\/span> : ###### (11,38 km) \/ <span style=\"color: #0000ff;\">12h54<\/span><br \/>\n<span style=\"color: #0000ff;\">ES 4<\/span> : ###### (15,00 km) \/ <span style=\"color: #0000ff;\">15h42<\/span><br \/>\n<span style=\"color: #0000ff;\">ES 5<\/span> : ###### (11,93 km) \/ <span style=\"color: #0000ff;\">16h30<\/span><br \/>\n<span style=\"color: #0000ff;\">ES 6<\/span> : ###### (11,38 km) \/ <span style=\"color: #0000ff;\">17h08<\/span><br \/>\n<\/strong><\/p>\n<p><strong><span style=\"color: #ff0000;\">Etape 2<\/span> \u2013 Samedi 3 Juin<br \/>\n<\/strong><\/p>\n<p><strong><span style=\"color: #0000ff;\">ES 7<\/span> : ###### (19,01 km) \/ <span style=\"color: #0000ff;\">10h05<\/span><br \/>\n<span style=\"color: #0000ff;\">ES 8<\/span> : ###### (4,64 km) \/ <span style=\"color: #0000ff;\">10h58<\/span><br \/>\n<span style=\"color: #0000ff;\">ES 9<\/span> : ###### (19,01 km) \/ <span style=\"color: #0000ff;\">13h53<\/span><br \/>\n<span style=\"color: #0000ff;\">ES 10<\/span> : ###### (4,64 km) \/ <span style=\"color: #0000ff;\">14h46<\/span><\/strong><\/p>\n<p><strong>Suivez les temps en direct sur <a href=\"https:\/\/webapp.sportity.com\/channel\/terredaleria2023\" target=\"_blank\" rel=\"noopener\">Sportity<\/a>, ou sur le site <a href=\"https:\/\/www.ewrc-results.com\/results\/80628-rallye-terre-daleria-vhc-2023\/\" target=\"_blank\" rel=\"noopener\">eWrc<\/a><\/strong><\/p>\n<p><strong>\u2014\u2014\u2014\u2014\u2014\u2014\u2014\u2014\u2014\u2014\u2014\u2014\u2014\u2014\u2014\u2014\u2014\u2014\u2014\u2014\u2014\u2014<\/strong><\/p>\n<p><strong>Liste des engag\u00e9s<\/strong><\/p>\n<p>ngg_shortcode_3_placeholder<strong>\u2014\u2014\u2014\u2014\u2014\u2014\u2014\u2014\u2014\u2014\u2014\u2014\u2014\u2014\u2014\u2014\u2014\u2014\u2014\u2014\u2014\u2014<\/strong><\/p>\n<p><strong><span style=\"color: #ff0000;\">Palmar\u00e8s<\/span> (Terre) :<\/strong><\/p>\n<p><strong>2022 : Deveza \/ Raffalli \/ Duprez<br \/>\n<\/strong><strong>2021 : Doux \/ Deveza \/ Botti<br \/>\n<\/strong><\/p>\n","protected":false},"excerpt":{"rendered":"<p>Pour la troisi\u00e8me ann\u00e9e se d\u00e9roule l&rsquo;Aleria Historic Rally, \u00e9preuve se d\u00e9roulant \u00e0 la fois sur asphalte, mais aussi sur terre.<\/p>\n","protected":false},"author":2,"featured_media":7715,"comment_status":"closed","ping_status":"closed","sticky":false,"template":"","format":"standard","meta":{"ngg_post_thumbnail":0,"footnotes":""},"categories":[14],"tags":[],"class_list":["post-7686","post","type-post","status-publish","format-standard","has-post-thumbnail","hentry","category-presentations-rallyes"],"_links":{"self":[{"href":"https:\/\/rallyecorse.com\/index.php\/wp-json\/wp\/v2\/posts\/7686","targetHints":{"allow":["GET"]}}],"collection":[{"href":"https:\/\/rallyecorse.com\/index.php\/wp-json\/wp\/v2\/posts"}],"about":[{"href":"https:\/\/rallyecorse.com\/index.php\/wp-json\/wp\/v2\/types\/post"}],"author":[{"embeddable":true,"href":"https:\/\/rallyecorse.com\/index.php\/wp-json\/wp\/v2\/users\/2"}],"replies":[{"embeddable":true,"href":"https:\/\/rallyecorse.com\/index.php\/wp-json\/wp\/v2\/comments?post=7686"}],"version-history":[{"count":14,"href":"https:\/\/rallyecorse.com\/index.php\/wp-json\/wp\/v2\/posts\/7686\/revisions"}],"predecessor-version":[{"id":7714,"href":"https:\/\/rallyecorse.com\/index.php\/wp-json\/wp\/v2\/posts\/7686\/revisions\/7714"}],"wp:featuredmedia":[{"embeddable":true,"href":"https:\/\/rallyecorse.com\/index.php\/wp-json\/wp\/v2\/media\/7715"}],"wp:attachment":[{"href":"https:\/\/rallyecorse.com\/index.php\/wp-json\/wp\/v2\/media?parent=7686"}],"wp:term":[{"taxonomy":"category","embeddable":true,"href":"https:\/\/rallyecorse.com\/index.php\/wp-json\/wp\/v2\/categories?post=7686"},{"taxonomy":"post_tag","embeddable":true,"href":"https:\/\/rallyecorse.com\/index.php\/wp-json\/wp\/v2\/tags?post=7686"}],"curies":[{"name":"wp","href":"https:\/\/api.w.org\/{rel}","templated":true}]}}