{"id":7861,"date":"2023-10-16T20:51:29","date_gmt":"2023-10-16T18:51:29","guid":{"rendered":"http:\/\/rallyecorse.com\/?p=7861"},"modified":"2023-10-20T22:03:06","modified_gmt":"2023-10-20T20:03:06","slug":"presentation-rallye-di-e-strade-vecchie-2023","status":"publish","type":"post","link":"https:\/\/rallyecorse.com\/index.php\/2023\/10\/16\/presentation-rallye-di-e-strade-vecchie-2023\/","title":{"rendered":"Pr\u00e9sentation : Rallye di e Strade Vecchie 2023"},"content":{"rendered":"<p><strong>Seconde \u00e9preuve de l&rsquo;ann\u00e9e de l\u2019ASA Bastiaise, le rallye di e strade vecchie change de format, et passe sur une seule et m\u00eame journ\u00e9e.<br \/>\n<\/strong><\/p>\n<p>ngg_shortcode_0_placeholder<strong>Apr\u00e8s une premi\u00e8re \u00e9dition \u00e9tal\u00e9e sur deux jours, les organisateurs de l\u2019ASA Bastiaise ont donc d\u00e9cid\u00e9 de revenir \u00e0 un format sur une seule journ\u00e9e pour cette seconde \u00e9dition, et qui colle davantage \u00e0 ce que l&rsquo;on voyait lors du San Martino ou du Nebbiu les ann\u00e9es pr\u00e9c\u00e9dentes.<br \/>\n<\/strong><\/p>\n<p><strong>Le rallye propose deux sp\u00e9ciales \u00e0 parcourir \u00e0 trois reprises. Si le format est modifi\u00e9, en revanche au niveau du trac\u00e9 on reprend ce qui avait vu l&rsquo;ann\u00e9e derni\u00e8re, avec les chronos de Querciolo-Silvarecciu, et Isolacciu-Figarettu. La sp\u00e9ciale d&rsquo;Isolacciu sera l\u00e9g\u00e8rement raccourcie par rapport \u00e0 l&rsquo;an dernier.<\/strong><\/p>\n<p><strong>Du c\u00f4t\u00e9 des engag\u00e9s, ils seront 93 en tout<\/strong><\/p>\n<p><strong>En Moderne, 62 \u00e9quipages seront pr\u00e9sents.<br \/>\n<\/strong><\/p>\n<p><strong>En l&rsquo;absence des pilotes qui ont constitu\u00e9 le podium l&rsquo;an dernier, Tony Aguzzi et Thierry Agostini font figures de favoris, et devraient nous proposer une belle bagarre. Le suisse Mike Coppens fera son premier rallye en Corse, lui qui \u00e9volue peu en dehors de ses fronti\u00e8res. Pierre Soreda, dixi\u00e8me l&rsquo;an dernier, effectuera son premier rallye sur une Rally2, et sera \u00e0 surveiller.<br \/>\n<\/strong><\/p>\n<p><strong>En GT, Pierre Benazzi, cinqui\u00e8me en 2022, sera pr\u00e9sent avec sa Porsche ; dans ce groupe il sera int\u00e9ressant de suivre Pierre Fusella qui \u00e9voluera avec une Alpine A110.<\/strong><\/p>\n<p><strong>En Rally4, ils seront trois v\u00e9loces pilotes \u00e0 vouloir jouer les troubles f\u00eate. Petru Bracci, quatri\u00e8me l&rsquo;an dernier au volant d&rsquo;une R5, sera pr\u00e9sent au volant de la Clio Rally4 avec laquelle il vient de terminer neuvi\u00e8me du rallye de Corte. Renaud Santini (septi\u00e8me l&rsquo;an dernier, et second du Costa Serena cette ann\u00e9e) ainsi que Ange-Marie Damerval (sixi\u00e8me de l&rsquo;\u00e9dition pr\u00e9c\u00e9dente) s&rsquo;aligneront eux au volant d&rsquo;une Peugeot 208.<\/strong><\/p>\n<p><strong>Apr\u00e8s une \u00e9preuve \u00e0 domicile o\u00f9 ils n&rsquo;auront pas brill\u00e9, les fr\u00e8res Nannucci voudront rectifier le tir, et animeront certainement la course, tout comme le toujours tr\u00e8s rapide Olivier Luciani.<br \/>\n<\/strong><\/p>\n<p><strong>En VHC ils seront 17. Jean-Fran\u00e7ois Mattei, et Dominique Pamart apparaissent comme les favoris, mais attention \u00e0 Frederic Stachino et Daniel Rognoni.<br \/>\n<\/strong><\/p>\n<p><strong>En VHRS ils seront 12. Tony Avolio sera favori \u00e0 sa propre succession. Claude Seguier devrait \u00eatre son plus s\u00e9rieux opposant.<br \/>\n<\/strong><\/p>\n<p><strong>En VMRS, Bruno Millet sera oppos\u00e9 \u00e0 \u00ab\u00a0Bomba la bomba\u00a0\u00bb&#8230; les connaisseurs appr\u00e9cieront !<br \/>\n<\/strong><\/p>\n<p><strong>&nbsp;\u2014\u2014\u2014\u2014\u2014\u2014\u2014\u2014\u2014\u2014\u2014\u2014\u2014\u2014\u2014\u2014\u2014\u2014\u2014\u2014\u2014\u2014<\/strong><\/p>\n<p><strong>Samedi 21 Octobre<br \/>\n<\/strong><\/p>\n<p><strong><span style=\"color: #0000ff;\">ES 1<\/span> : Querciolu \u2013 Silvarecciu (12,51 km) \/ <span style=\"color: #0000ff;\">8h39<\/span><br \/>\n<span style=\"color: #0000ff;\">ES 2<\/span> : Isolacciu \u2013 Figarettu (10,20 km) \/<span style=\"color: #0000ff;\"> 9h37<\/span><br \/>\n<\/strong><strong><span style=\"color: #0000ff;\">ES 3<\/span> : Querciolu \u2013 Silvarecciu (12,51 km) \/ <span style=\"color: #0000ff;\">11h51<\/span><\/strong><br \/>\n<strong><span style=\"color: #0000ff;\">ES 4<\/span> : Isolacciu \u2013 Figarettu (10,20 km) \/ <span style=\"color: #0000ff;\">12h49<\/span><\/strong><br \/>\n<strong><span style=\"color: #0000ff;\">ES 5<\/span> : Querciolu \u2013 Silvarecciu (12,51 km) \/<span style=\"color: #0000ff;\"> 15h03<\/span><br \/>\n<span style=\"color: #0000ff;\">ES 6<\/span> : Isolacciu \u2013 Figarettu (10,20 km) \/ <span style=\"color: #0000ff;\">16h01<\/span><br \/>\n<\/strong><\/p>\n<p>ngg_shortcode_1_placeholder<strong>Suivez les temps du rallye en direct via Sportimers (Moderne et VHC) et TopRallye (VHRS et VMRS) :<\/strong><\/p>\n<p><strong><a href=\"https:\/\/my.raceresult.com\/266596\/?fbclid=IwAR0WaKzN9yB2RB_eA6Zh2yjq7H8VVNAHqECgPvZbLJpz-z4i9FlRQ83TcSs\" target=\"_blank\" rel=\"noopener\">Direct Moderne \/ VHC<\/a><br \/>\n<\/strong><\/p>\n<p><a href=\"https:\/\/toprallye.com\/php\/epreuve.php?epreuve=387\" target=\"_blank\" rel=\"noopener\"><strong>Direct VHRS<\/strong><\/a><\/p>\n<p><a href=\"https:\/\/toprallye.com\/php\/epreuve.php?epreuve=388\" target=\"_blank\" rel=\"noopener\"><strong>Direct VMRS<\/strong><\/a><\/p>\n<p><strong>\u2014\u2014\u2014\u2014\u2014\u2014\u2014\u2014\u2014\u2014\u2014\u2014\u2014\u2014\u2014\u2014\u2014\u2014\u2014\u2014\u2014\u2014<\/strong><\/p>\n<p><strong>Liste des engag\u00e9s Moderne, VHC, VHRS, et VMRS<br \/>\n<\/strong><\/p>\n<p>ngg_shortcode_2_placeholder<strong>\u2014\u2014\u2014\u2014\u2014\u2014\u2014\u2014\u2014\u2014\u2014\u2014\u2014\u2014\u2014\u2014\u2014\u2014\u2014\u2014\u2014\u2014<\/strong><\/p>\n<p><strong><span style=\"color: #ff0000;\">Palmar\u00e8s<\/span> :<\/strong><\/p>\n<p><strong><span style=\"color: #0000ff;\">Moderne<\/span> :<br \/>\n2022 : Alerini \/ Gordon \/ Rossi Y<br \/>\n<\/strong><\/p>\n<p><strong><span style=\"color: #0000ff;\">VHC<\/span> :<br \/>\n2022 : Lodovici \/ Cristini \/ Limongi<\/strong><\/p>\n<p><strong><span style=\"color: #0000ff;\">VHRS<\/span> :<br \/>\n2022 : Avolio&nbsp; Seguier \/ Maistre<br \/>\n<\/strong><\/p>\n","protected":false},"excerpt":{"rendered":"<p>Seconde \u00e9preuve de l&rsquo;ann\u00e9e de l\u2019ASA Bastiaise, le rallye di e strade vecchie change de format, et passe sur une seule et m\u00eame journ\u00e9e.<\/p>\n","protected":false},"author":2,"featured_media":7887,"comment_status":"closed","ping_status":"closed","sticky":false,"template":"","format":"standard","meta":{"ngg_post_thumbnail":0,"footnotes":""},"categories":[14],"tags":[],"class_list":["post-7861","post","type-post","status-publish","format-standard","has-post-thumbnail","hentry","category-presentations-rallyes"],"_links":{"self":[{"href":"https:\/\/rallyecorse.com\/index.php\/wp-json\/wp\/v2\/posts\/7861","targetHints":{"allow":["GET"]}}],"collection":[{"href":"https:\/\/rallyecorse.com\/index.php\/wp-json\/wp\/v2\/posts"}],"about":[{"href":"https:\/\/rallyecorse.com\/index.php\/wp-json\/wp\/v2\/types\/post"}],"author":[{"embeddable":true,"href":"https:\/\/rallyecorse.com\/index.php\/wp-json\/wp\/v2\/users\/2"}],"replies":[{"embeddable":true,"href":"https:\/\/rallyecorse.com\/index.php\/wp-json\/wp\/v2\/comments?post=7861"}],"version-history":[{"count":18,"href":"https:\/\/rallyecorse.com\/index.php\/wp-json\/wp\/v2\/posts\/7861\/revisions"}],"predecessor-version":[{"id":7896,"href":"https:\/\/rallyecorse.com\/index.php\/wp-json\/wp\/v2\/posts\/7861\/revisions\/7896"}],"wp:featuredmedia":[{"embeddable":true,"href":"https:\/\/rallyecorse.com\/index.php\/wp-json\/wp\/v2\/media\/7887"}],"wp:attachment":[{"href":"https:\/\/rallyecorse.com\/index.php\/wp-json\/wp\/v2\/media?parent=7861"}],"wp:term":[{"taxonomy":"category","embeddable":true,"href":"https:\/\/rallyecorse.com\/index.php\/wp-json\/wp\/v2\/categories?post=7861"},{"taxonomy":"post_tag","embeddable":true,"href":"https:\/\/rallyecorse.com\/index.php\/wp-json\/wp\/v2\/tags?post=7861"}],"curies":[{"name":"wp","href":"https:\/\/api.w.org\/{rel}","templated":true}]}}