{"id":7897,"date":"2023-11-02T23:10:02","date_gmt":"2023-11-02T22:10:02","guid":{"rendered":"http:\/\/rallyecorse.com\/?p=7897"},"modified":"2023-11-10T21:02:56","modified_gmt":"2023-11-10T20:02:56","slug":"presentation-mare-e-machja-2023","status":"publish","type":"post","link":"https:\/\/rallyecorse.com\/index.php\/2023\/11\/02\/presentation-mare-e-machja-2023\/","title":{"rendered":"Pr\u00e9sentation : Mare \u00e8 Machja 2023"},"content":{"rendered":"<p><strong>Apr\u00e8s un rallye d\u2019Eccica-Suarella r\u00e9ussi au mois de Juin dernier, l\u2019ASACC Tour de Corse propose sa seconde \u00e9preuve, le Mare \u00e8 Machja, avec un parcours en partie remodel\u00e9.<br \/>\n<\/strong><\/p>\n<div>\nngg_shortcode_0_placeholder&nbsp;<\/p>\n<p>&nbsp;&nbsp;&nbsp;<\/p>\n<\/div>\n<p><strong>Apr\u00e8s deux \u00e9ditions au parcours identique, les organisateurs vont proposer quelques changements pour cette \u00e9dition 2023.<br \/>\n<\/strong><\/p>\n<p><strong>La premi\u00e8re \u00e9tape du Samedi changera peu, avec toujours la sp\u00e9ciale entre Pietrosella et Acqua Doria \u00e0 parcourir \u00e0 deux reprises, mais l\u00e9g\u00e8rement raccourcie par le d\u00e9part.<\/strong><\/p>\n<p><strong>La deuxi\u00e8me \u00e9tape du Dimanche \u00e9volue, avec le retour de la mont\u00e9e de Coti Chiavari depuis Verghia, jusqu&rsquo;\u00e0 Pietrosella. La sp\u00e9ciale du samedi et du dimanche auront donc en commun le tron\u00e7on entre le col de Gradello et Pietrosella, mais avec un sens invers\u00e9 d&rsquo;un jour \u00e0 l&rsquo;autre.<br \/>\n<\/strong><\/p>\n<p><strong>Du c\u00f4t\u00e9 des engag\u00e9s, ils sont au total 102 \u00e0 avoir r\u00e9pondu pr\u00e9sents.<\/strong><\/p>\n<p><strong>En Moderne ils seront 64, avec en t\u00eate de liste Paul-Antoine Santoni. Vainqueur de l&rsquo;\u00e9dition 2018, il sera le grand favori. Face \u00e0 lui, huit autres pilotes \u00e9volueront au volant d&rsquo;autos de la cat\u00e9gorie R5\/Rally2, parmi lesquels Tony Aguzzi (troisi\u00e8me lors de l&rsquo;\u00e9dition pr\u00e9c\u00e9dente) ou encore Jean-Jo Galeani qui viseront l\u00e9gitimement un podium. Le toujours v\u00e9loce Guy Fiori sera \u00e9galement pr\u00e9sent, avec sa Fabia s2000 ; il sera forc\u00e9ment \u00e0 surveiller pour une place dans le Top 5.<br \/>\n<\/strong><\/p>\n<p><strong>La cat\u00e9gorie R-GT sera compos\u00e9e d&rsquo;un trio d&rsquo;Alpine A110, avec Yannick Rossi en chef de file. Celui-ci fera partie des outsiders. Fr\u00e9d\u00e9ric Stofati, vainqueur en titre en cat\u00e9gorie VHC, s&rsquo;alignera cette fois-ci en cat\u00e9gorie Moderne, et pourrait faire partie des surprises de ce rallye.<\/strong><\/p>\n<p><strong>En Rally4, Fr\u00e9d\u00e9ric Andreucci et Paul Mariani chercheront eux aussi \u00e0 faire un bon r\u00e9sultat.<\/strong><\/p>\n<p><strong>En VHC ils seront 22. Giacomo Pinna, au volant de sa BMW M3 sera le favori. J\u00e9r\u00f4me Mancini (second l&rsquo;an dernier, et sixi\u00e8me du r\u00e9cent Tour de Corse Historique) sera son principal opposant. Jean-Pierre Gordon devrait assurer le spectacle au volant de la R5 GT Turbo, en esp\u00e9rant que la m\u00e9canique tienne le coup !<br \/>\n<\/strong><\/p>\n<p><strong>En VHRS ils seront 12. Vainqueur sortant, Claude S\u00e9guier sera le favori au volant de sa 104 ZS, , d&rsquo;autant plus en l&rsquo;absence de Tony Avolio.<br \/>\n<\/strong><\/p>\n<p><strong>En VMRS ils seront 4. C\u00e9line Ambrosi, deuxi\u00e8me l&rsquo;an pass\u00e9, voudra l\u00e9gitimement viser plus haut cette ann\u00e9e.<br \/>\n<\/strong><\/p>\n<p><strong>\u2014\u2014\u2014\u2014\u2014\u2014\u2014\u2014\u2014\u2014\u2014\u2014\u2014\u2014\u2014\u2014\u2014\u2014\u2014\u2014\u2014\u2014<\/strong><\/p>\n<p><strong><span style=\"color: #ff0000;\">Etape 1<\/span> \u2013 Samedi 11 Novembre<br \/>\n<\/strong><\/p>\n<p><strong><span style=\"color: #0000ff;\">ES 1<\/span> : Pietrosella \u2013 Acqua Doria (23,92 km) \/ <span style=\"color: #0000ff;\">11h08<\/span><\/strong><br \/>\n<strong><span style=\"color: #0000ff;\">ES 2<\/span> : Pietrosella \u2013 Acqua Doria (23,92 km) \/<span style=\"color: #0000ff;\"> 14h01<\/span><br \/>\n<\/strong><\/p>\n<p><strong><span style=\"color: #ff0000;\">Etape 2<\/span> \u2013 Dimanche 12 Novembre <\/strong><\/p>\n<p><strong><span style=\"color: #0000ff;\">ES 3<\/span> : Vergia &#8211; Pietrosella (19,71 km) \/ <span style=\"color: #0000ff;\">9h58<\/span><br \/>\n<span style=\"color: #0000ff;\">ES 4<\/span> : Vergia &#8211; Pietrosella (19,71 km) \/ <span style=\"color: #0000ff;\">12h26<\/span><\/strong><\/p>\n<p>ngg_shortcode_1_placeholder<strong>Suivez les temps du rallye en direct&nbsp; sur <a href=\"https:\/\/my.raceresult.com\/269006\/results\" target=\"_blank\" rel=\"noopener\">MyRaceResult<\/a>, et l&rsquo;affichage officiel du rallye sur <a href=\"https:\/\/webapp.sportity.com\/channel\/mm2023\" target=\"_blank\" rel=\"noopener\">Sportity<\/a><\/strong><strong><br \/>\n<\/strong><\/p>\n<p><strong>\u2014\u2014\u2014\u2014\u2014\u2014\u2014\u2014\u2014\u2014\u2014\u2014\u2014\u2014\u2014\u2014\u2014\u2014\u2014\u2014\u2014\u2014<\/strong><\/p>\n<p><strong><a href=\"https:\/\/app-cdn.sportity.com\/1290a1be-2053-4f86-ad91-7a9f0c7c3469\/a9f2a5b2-0b34-4215-8342-366c981c4afa_LISTE%20DES%20ENGAGES%20MODERNE.pdf\" target=\"_blank\" rel=\"noopener\">Liste des engag\u00e9s Moderne<\/a><br \/>\n<\/strong><\/p>\n<p><strong><a href=\"https:\/\/app-cdn.sportity.com\/1290a1be-2053-4f86-ad91-7a9f0c7c3469\/3415416e-9558-47ad-a25b-59d8fcab4f17_LISTE%20ENGAGES%20VHC.pdf\" target=\"_blank\" rel=\"noopener\">Liste des engag\u00e9s VHC<\/a><em><br \/>\n<\/em><\/strong><\/p>\n<p><a href=\"https:\/\/app-cdn.sportity.com\/1290a1be-2053-4f86-ad91-7a9f0c7c3469\/1609c65d-dce3-4d02-9639-0a1e7063954c_LISTE%20DES%20ENGAGES%20VHRS.pdf\" target=\"_blank\" rel=\"noopener\"><strong>Liste des engag\u00e9s VHRS<\/strong><\/a><\/p>\n<p><a href=\"https:\/\/app-cdn.sportity.com\/1290a1be-2053-4f86-ad91-7a9f0c7c3469\/0ea5950c-8051-4943-96f4-938de51f8762_LISTE%20ENGAGES%20VMRS.pdf\" target=\"_blank\" rel=\"noopener\"><strong>Liste des engag\u00e9s VMRS<\/strong><\/a><\/p>\n<p>ngg_shortcode_2_placeholder<strong>\u2014\u2014\u2014\u2014\u2014\u2014\u2014\u2014\u2014\u2014\u2014\u2014\u2014\u2014\u2014\u2014\u2014\u2014\u2014\u2014\u2014\u2014<\/strong><\/p>\n<p><strong><span style=\"color: #ff0000;\">Palmar\u00e8s<\/span> :<\/strong><\/p>\n<p><strong><span style=\"color: #0000ff;\">Moderne<\/span> :<br \/>\n2022 : Berard \/ Argenti \/ Aguzzi<br \/>\n2021 : Berard \/ Papi \/ Andreucci<br \/>\n2020 : Non organis\u00e9 (Covid-19)<br \/>\n2019 : Papi \/ Fiori J-A \/ Leonardi<br \/>\n2018 : <\/strong><strong>Santoni \/ Pomponi \/ Fiori J-A<\/strong><strong><br \/>\n<\/strong><\/p>\n<p><strong>Record de victoires sur l\u2019\u00e9preuve :<\/strong>&nbsp;<strong> Berard (2)<\/strong><\/p>\n<p><strong><span style=\"color: #0000ff;\">VHC<\/span> :<br \/>\n2022 : Stofati \/ Mancini \/ Leandri F.<br \/>\n2021 : Bikodoroff \/ De La Foata \/ Marcelli<br \/>\n2020 : Non organis\u00e9 (Covid-19)<br \/>\n2019 : Marcelli<br \/>\n<\/strong><strong>2018 : Valliccioni \/ De La Foata \/ Marcelli<\/strong><\/p>\n<p><strong><span style=\"color: #0000ff;\">VHRS<\/span> :<br \/>\n2022 : Seguier \/ Battini \/ Maistre<br \/>\n2021 : Rossini \/ Tomi \/ Piredda<br \/>\n2020 : Non organis\u00e9 (Covid-19)<br \/>\n2019 : Spinetti \/ Lamour \/ Rossini<br \/>\n2018 : Avolio \/ Casanova \/ Paoli<br \/>\n<\/strong><\/p>\n<p><strong><span style=\"color: #0000ff;\">VMRS<\/span> :<\/strong><br \/>\n<strong>2022 : Ori \/ Ambrosi \/ Marie<\/strong><\/p>\n","protected":false},"excerpt":{"rendered":"<p>Apr\u00e8s un rallye d\u2019Eccica-Suarella r\u00e9ussi au mois de Juin dernier, l\u2019ASACC Tour de Corse propose sa seconde \u00e9preuve, le Mare e Machja, avec un parcours en partie remodel\u00e9.<\/p>\n","protected":false},"author":2,"featured_media":7917,"comment_status":"closed","ping_status":"closed","sticky":false,"template":"","format":"standard","meta":{"ngg_post_thumbnail":0,"footnotes":""},"categories":[14],"tags":[],"class_list":["post-7897","post","type-post","status-publish","format-standard","has-post-thumbnail","hentry","category-presentations-rallyes"],"_links":{"self":[{"href":"https:\/\/rallyecorse.com\/index.php\/wp-json\/wp\/v2\/posts\/7897","targetHints":{"allow":["GET"]}}],"collection":[{"href":"https:\/\/rallyecorse.com\/index.php\/wp-json\/wp\/v2\/posts"}],"about":[{"href":"https:\/\/rallyecorse.com\/index.php\/wp-json\/wp\/v2\/types\/post"}],"author":[{"embeddable":true,"href":"https:\/\/rallyecorse.com\/index.php\/wp-json\/wp\/v2\/users\/2"}],"replies":[{"embeddable":true,"href":"https:\/\/rallyecorse.com\/index.php\/wp-json\/wp\/v2\/comments?post=7897"}],"version-history":[{"count":20,"href":"https:\/\/rallyecorse.com\/index.php\/wp-json\/wp\/v2\/posts\/7897\/revisions"}],"predecessor-version":[{"id":7932,"href":"https:\/\/rallyecorse.com\/index.php\/wp-json\/wp\/v2\/posts\/7897\/revisions\/7932"}],"wp:featuredmedia":[{"embeddable":true,"href":"https:\/\/rallyecorse.com\/index.php\/wp-json\/wp\/v2\/media\/7917"}],"wp:attachment":[{"href":"https:\/\/rallyecorse.com\/index.php\/wp-json\/wp\/v2\/media?parent=7897"}],"wp:term":[{"taxonomy":"category","embeddable":true,"href":"https:\/\/rallyecorse.com\/index.php\/wp-json\/wp\/v2\/categories?post=7897"},{"taxonomy":"post_tag","embeddable":true,"href":"https:\/\/rallyecorse.com\/index.php\/wp-json\/wp\/v2\/tags?post=7897"}],"curies":[{"name":"wp","href":"https:\/\/api.w.org\/{rel}","templated":true}]}}