{"id":7934,"date":"2023-11-30T18:51:03","date_gmt":"2023-11-30T17:51:03","guid":{"rendered":"http:\/\/rallyecorse.com\/?p=7934"},"modified":"2023-12-08T21:35:20","modified_gmt":"2023-12-08T20:35:20","slug":"presentation-rallye-de-balagne-2023","status":"publish","type":"post","link":"https:\/\/rallyecorse.com\/index.php\/2023\/11\/30\/presentation-rallye-de-balagne-2023\/","title":{"rendered":"Pr\u00e9sentation : Rallye de Balagne 2023"},"content":{"rendered":"<p><strong>Comme d&rsquo;accoutum\u00e9e, le rallye de Balagne va cl\u00f4turer la saison des rallyes insulaires avec encore une fois une liste d&rsquo;engag\u00e9s tr\u00e8s fournie !<\/strong><\/p>\n<p>ngg_shortcode_0_placeholder<strong>Avant des modifications annonc\u00e9es pour 2024, les organisateurs sont dans la continuit\u00e9 au niveau du parcours, et des horaires l\u00e9g\u00e8rement avanc\u00e9es sur les journ\u00e9es du samedi et du dimanche.<\/strong><\/p>\n<p>&nbsp;<\/p>\n<p><strong>La 26e \u00e9dition d\u00e9butera avec une sp\u00e9ciale bien connue de tous, la mont\u00e9e vers Montemaggiore, et ses mythiques \u00e9pingles ; une version raccourcie du chrono qu\u2019affronteront les concurrents le Dimanche matin.<\/strong><\/p>\n<p><strong>Le samedi verra deux passages dans la classique Pont du Fango \u2013 Notre Dame de la Serra. Le dimanche, deux sp\u00e9ciales seront \u00e0 parcourir \u00e0 deux reprises : Montegrosso-Avapessa, et Muro-Regino.<\/strong><\/p>\n<p><strong>Du c\u00f4t\u00e9 des engag\u00e9s, la Balagne confirme une fois de plus sa popularit\u00e9, avec pas moins de 184 \u00e9quipages toutes cat\u00e9gories confondues !<br \/>\n<\/strong><\/p>\n<p><strong>En Moderne ils seront 137, avec pas moins de 15 autos dans la cat\u00e9gorie R5\/Rally2 !<\/strong><\/p>\n<p><strong>Une magnifique bagarre se profile pour la victoire, avec Paul-Andr\u00e9 Mariani, tenant du titre, et vainqueur de deux \u00e9preuves cette ann\u00e9es (Costa Serena, et Corte Centre Corse), Kevin Fredenucci (double vainqueur, en 2019 et 2021), Paul-Antoine Santoni, vainqueur de trois \u00e9preuves cette ann\u00e9e (Aiacciu Corsica Suttana, Eccica-Suarella, et Mare \u00e8 Machja) qui voudra terminer l&rsquo;ann\u00e9e en beaut\u00e9, et Hugo Micheli, vainqueur de la Giraglia en premi\u00e8re partie de saison.<br \/>\n<\/strong><\/p>\n<p><strong>Derri\u00e8re ce quatuor, Ahmed El Kaddouri sera un outsider s\u00e9rieux, lui qui a termin\u00e9 troisi\u00e8me en 2022. Tony Aguzzi voudra \u00e9galement bien figurer, apr\u00e8s sa deuxi\u00e8me place au Mare \u00e8 Machja il y a quelques semaines. Yannick Rossi m\u00e8nera le trio des GT avec son Alpine ; m\u00eame si la concurrence des grosses quatre roues motrices pourrait le freiner dans son \u00e9lan, il visera de nouveau un beau r\u00e9sultat. Attention \u00e0 Henrick Jullien qui pourrait cr\u00e9er la surprise au volant de la Clio Rally3, tout comme Antoine Margely avec sa Mitsubishi Evo 9 !<br \/>\n<\/strong><\/p>\n<p><strong>Avec seize engag\u00e9s, la bagarre s&rsquo;annonce belle en Rally4. Jean-Claude Pietri d\u00e9couvrira la 208, apr\u00e8s avoir roul\u00e9 en Clio Rally5 durant deux saisons ; il aura face \u00e0 lui C\u00e9dric Cardi, ou encore Dann Garcia. A surveiller aussi, Pablo Sarrazin, le fils de St\u00e9phane.<\/strong><\/p>\n<p><strong>En Rally5 ils seront douze, avec Marc Pompei en chef de file, lui qui r\u00e9alise une saison 2023 solide.<\/strong><\/p>\n<p><strong>Avec une telle liste des engag\u00e9s, difficile de citer tout le monde. Une chose est s\u00fbre, le spectacle sera au rendez-vous sur le bord des sp\u00e9ciales !<\/strong><\/p>\n<p><strong>En VHC ils seront 29 engag\u00e9s, \u00e9galant ainsi le record de la Giraglia 2019 pour un rallye de doublure en Corse ! Comme chez les Modernes, un quatuor a la faveur des pronostics, avec Marc Valliccioni (champion de France VHC 2023), Thomas Argenti, J\u00e9r\u00f4me Mancini, et Jean-Toussaint Albertini ! Pierre Vivier, Anthony Agostini, et Dominique Pamart seront de solides outsiders.<br \/>\n<\/strong><\/p>\n<p><strong>En VHRS ils seront 11. Triple vainqueur, et double tenant du titre, Tony Avolio sera une fois de plus le favori. Deuxi\u00e8me l&rsquo;an dernier, Patrick Doddoli voudra confirmer sa r\u00e9cente victoire dans la cat\u00e9gorie au rallye Mare \u00e8 Machja.<br \/>\n<\/strong><\/p>\n<p><strong>En VMRS ils seront 7 \u00e0 prendre le d\u00e9part. En l&rsquo;absence du double tenant du titre, la lutte pour la victoire s&rsquo;annonce ind\u00e9cise.<br \/>\n<\/strong><\/p>\n<p><strong>\u2014\u2014\u2014\u2014\u2014\u2014\u2014\u2014\u2014\u2014\u2014\u2014\u2014\u2014\u2014\u2014\u2014\u2014\u2014\u2014\u2014\u2014<\/strong><\/p>\n<p><strong><span style=\"color: #ff0000;\">Etape 1<\/span> \u2013 Vendredi 8 D\u00e9cembre<br \/>\n<\/strong><\/p>\n<p><strong><span style=\"color: #0000ff;\">ES 1<\/span> : Montegrosso (4,92 km) \/<span style=\"color: #0000ff;\"> 20h23<\/span><\/strong><strong><br \/>\n<\/strong><\/p>\n<p><strong><span style=\"color: #ff0000;\">Etape 2<\/span> \u2013 Samedi 9 D\u00e9cembre <\/strong><\/p>\n<p><strong><span style=\"color: #0000ff;\">ES 2<\/span> : Pont du Fango \u2013 Notre Dame de la Serra (27,77 km) \/<span style=\"color: #0000ff;\"> 8h48<\/span><br \/>\n<\/strong><strong><span style=\"color: #0000ff;\">ES 3<\/span> : Pont du Fango \u2013 Notre Dame de la Serra (27,77 km) \/ <span style=\"color: #0000ff;\">12h11<\/span><br \/>\n<\/strong><\/p>\n<p><strong><span style=\"color: #ff0000;\">Etape 3<\/span> \u2013 Dimanche 10 D\u00e9cembre<\/strong><\/p>\n<p><strong><span style=\"color: #0000ff;\">ES 4<\/span> : Montegrosso \u2013 Avapessa (13,07 km) \/ <span style=\"color: #0000ff;\">8h23<\/span><br \/>\n<span style=\"color: #0000ff;\">ES 5<\/span> : Muro \u2013 Reginu (11,39 km) \/ <span style=\"color: #0000ff;\">8h51<\/span><br \/>\n<span style=\"color: #0000ff;\">ES 6<\/span> : Montegrosso \u2013 Avapessa (13,07 km) \/ <span style=\"color: #0000ff;\">11h29<\/span><br \/>\n<span style=\"color: #0000ff;\">ES 7<\/span> : Muro \u2013 Reginu (11,39 km) \/ <span style=\"color: #0000ff;\">11h57<\/span><\/strong><\/p>\n<p>ngg_shortcode_1_placeholder<strong>Suivez les temps du rallye en direct sur l\u2019application <a href=\"https:\/\/webapp.sportity.com\/channel\/CORSICA\/\" target=\"_blank\" rel=\"noopener\">Sportity<\/a> ou sur le site <a href=\"http:\/\/lcchrono.com\/apps\/lives.php\" target=\"_blank\" rel=\"noopener\">LC Chrono<\/a>.<br \/>\n<\/strong><\/p>\n<p><strong>\u2014\u2014\u2014\u2014\u2014\u2014\u2014\u2014\u2014\u2014\u2014\u2014\u2014\u2014\u2014\u2014\u2014\u2014\u2014\u2014\u2014\u2014<\/strong><\/p>\n<p><strong>Liste des engag\u00e9s<\/strong><\/p>\n<p><strong>Liste des engag\u00e9s VHC<\/strong><\/p>\n<p><strong>Liste des engag\u00e9s VHRS<\/strong><\/p>\n<p><strong>Liste des engag\u00e9s VMRS<\/strong><\/p>\n<p>ngg_shortcode_2_placeholder<strong>\u2014\u2014\u2014\u2014\u2014\u2014\u2014\u2014\u2014\u2014\u2014\u2014\u2014\u2014\u2014\u2014\u2014\u2014\u2014\u2014\u2014\u2014<\/strong><\/p>\n<p><strong><span style=\"color: #ff0000;\">Palmar\u00e8s<\/span> :<\/strong><\/p>\n<p><strong><span style=\"color: #0000ff;\">Moderne<\/span> :<br \/>\n2022 : Mariani \/ Argenti \/ El Kaddouri<br \/>\n2021 : Fredenucci \/ Ceccaldi \/ Leandri<br \/>\n2020 : Leandri \/ Mariani \/ Argenti<br \/>\n2019 : Fredenucci \/ Leandri \/ Mariani<br \/>\n2018 : Trojani \/ Puppo \/ Fredenucci<\/strong><strong><br \/>\n<\/strong><\/p>\n<p><strong>Record de victoires sur l\u2019\u00e9preuve :<\/strong>&nbsp;<strong> Pascal Trojani (12)<\/strong><\/p>\n<p><strong><span style=\"color: #0000ff;\">VHC<\/span> :<br \/>\n2022 : Valliccioni \/ Vivier \/ Fotia<br \/>\n2021 : Bikodoroff \/ Antonini \/ Ringrave<br \/>\n2020 : Vivier \/ Peres \/ Lodovici<br \/>\n2019 : Valliccioni \/ Agostini \/ Mattei<\/strong><br \/>\n<strong>2018 : Valliccioni \/ Agostini \/ Baze<\/strong><strong><br \/>\n<\/strong><\/p>\n<p><strong><span style=\"color: #0000ff;\">VHRS<\/span> :<br \/>\n2022 : Avolio \/ Doddoli \/ Padovani<br \/>\n2021 : Avolio \/ Casanova \/ Mariani<br \/>\n2020 : Ammanati \/ Avolio \/ Mariani<br \/>\n2019 : Ammannati \/ Seguier \/ Avolio<br \/>\n2018 : Avolio \/ Lucciardi \/ Casanova<br \/>\n<\/strong><\/p>\n<p><strong><span style=\"color: #0000ff;\">VMRS<\/span> :<br \/>\n2022 : Lolivret \/ Nobili \/ Connault<br \/>\n2021 : Lolivret \/ Lucciardi \/ Nobili<\/strong><\/p>\n","protected":false},"excerpt":{"rendered":"<p>Comme d&rsquo;accoutum\u00e9e, le rallye de Balagne va cl\u00f4turer la saison des rallyes insulaires avec encore une fois une liste d&rsquo;engag\u00e9s tr\u00e8s fournie !<\/p>\n","protected":false},"author":2,"featured_media":7968,"comment_status":"closed","ping_status":"closed","sticky":false,"template":"","format":"standard","meta":{"ngg_post_thumbnail":0,"footnotes":""},"categories":[14],"tags":[],"class_list":["post-7934","post","type-post","status-publish","format-standard","has-post-thumbnail","hentry","category-presentations-rallyes"],"_links":{"self":[{"href":"https:\/\/rallyecorse.com\/index.php\/wp-json\/wp\/v2\/posts\/7934","targetHints":{"allow":["GET"]}}],"collection":[{"href":"https:\/\/rallyecorse.com\/index.php\/wp-json\/wp\/v2\/posts"}],"about":[{"href":"https:\/\/rallyecorse.com\/index.php\/wp-json\/wp\/v2\/types\/post"}],"author":[{"embeddable":true,"href":"https:\/\/rallyecorse.com\/index.php\/wp-json\/wp\/v2\/users\/2"}],"replies":[{"embeddable":true,"href":"https:\/\/rallyecorse.com\/index.php\/wp-json\/wp\/v2\/comments?post=7934"}],"version-history":[{"count":15,"href":"https:\/\/rallyecorse.com\/index.php\/wp-json\/wp\/v2\/posts\/7934\/revisions"}],"predecessor-version":[{"id":7970,"href":"https:\/\/rallyecorse.com\/index.php\/wp-json\/wp\/v2\/posts\/7934\/revisions\/7970"}],"wp:featuredmedia":[{"embeddable":true,"href":"https:\/\/rallyecorse.com\/index.php\/wp-json\/wp\/v2\/media\/7968"}],"wp:attachment":[{"href":"https:\/\/rallyecorse.com\/index.php\/wp-json\/wp\/v2\/media?parent=7934"}],"wp:term":[{"taxonomy":"category","embeddable":true,"href":"https:\/\/rallyecorse.com\/index.php\/wp-json\/wp\/v2\/categories?post=7934"},{"taxonomy":"post_tag","embeddable":true,"href":"https:\/\/rallyecorse.com\/index.php\/wp-json\/wp\/v2\/tags?post=7934"}],"curies":[{"name":"wp","href":"https:\/\/api.w.org\/{rel}","templated":true}]}}