{"id":8013,"date":"2024-03-01T18:38:01","date_gmt":"2024-03-01T17:38:01","guid":{"rendered":"http:\/\/rallyecorse.com\/?p=8013"},"modified":"2024-03-06T19:57:52","modified_gmt":"2024-03-06T18:57:52","slug":"presentation-rallye-di-u-paese-aiaccinu-2024","status":"publish","type":"post","link":"https:\/\/rallyecorse.com\/index.php\/2024\/03\/01\/presentation-rallye-di-u-paese-aiaccinu-2024\/","title":{"rendered":"Pr\u00e9sentation \u2013 Rallye di u Paese Aiaccinu 2024"},"content":{"rendered":"<p><strong>Pour ce second rendez-vous du calendrier insulaire, cap au Sud, avec le Rallye di u Paese Aiaccinu.<\/strong><\/p>\n<p>ngg_shortcode_0_placeholder<strong>En 2023, le Rallye di u Paese Aiaccinu retrouvait sa date habituelle du mois de Mars, mais une alerte m\u00e9t\u00e9o avait oblig\u00e9 les organisateurs \u00e0 annuler la seconde \u00e9tape et les nouveaut\u00e9s du parcours, et s&rsquo;adapter dans l&rsquo;urgence.<\/strong><\/p>\n<p><strong>Cette ann\u00e9e les organisateurs r\u00e9duisent la voilure, avec un kilom\u00e9trage chronom\u00e9trique plus faible d&rsquo;environ un tiers, et des chronos plus classiques (tous dans la CAPA). A noter \u00e9galement, le changement de lieu pour le parc ferm\u00e9. En effet, les travaux de la Place du Diamant ayant d\u00e9but\u00e9, le parc se tiendra \u00e0 la place Miot.<br \/>\n<\/strong><\/p>\n<p><strong>Le Vendredi, deux tr\u00e8s courtes sp\u00e9ciales de nuit seront \u00e0 parcourir. La premi\u00e8re sp\u00e9ciale est celle de Capo, d&rsquo;une distance d&rsquo;\u00e0 peine plus de 3 km. La seconde est la fameuse sp\u00e9ciale show en ville, qui fait moins d&rsquo;1 km. Ce sprint permettra d&rsquo;\u00e9tablir une premi\u00e8re hi\u00e9rarchie, et aussi d&rsquo;avoir un ordre de d\u00e9part pour la suite qui sera davantage adapt\u00e9 \u00e0 la vitesse de chacun.<br \/>\n<\/strong><\/p>\n<p><strong>Samedi, les concurrents auront une \u00e9preuve sp\u00e9ciale \u00e0 disputer deux reprises, entre Sarrola et Calcatoggio. Une classique&nbsp; de la micro r\u00e9gion qui avait utilis\u00e9e lors de la journ\u00e9e du Dimanche l&rsquo;an dernier, mais elle est cette fois-ci rallong\u00e9e d&rsquo;environ 3 km !<br \/>\n<\/strong><\/p>\n<p><strong>Dimanche, dernier jour de course, avec deux sp\u00e9ciales \u00e0 parcourir deux fois. La sp\u00e9ciale de Mezzana &#8211; Celavo, qui avait \u00e9galement \u00e9t\u00e9 utilis\u00e9e le Dimanche en 2023, mais cette ann\u00e9e elle sera effectu\u00e9e dans le sens inverse.<br \/>\n<\/strong><\/p>\n<p><strong>Il est \u00e0 souligner que l&rsquo;ASA Corsica pr\u00e9pare pour l&rsquo;arriv\u00e9e Place Miot un moment de convivialit\u00e9, o\u00f9 les \u00e9quipages, mais aussi les amis et la famille, pourront se retrouver autour d&rsquo;un verre, et autres petites douceurs, en attendant la remise des prix. Autre initiative, un concours de dessin pour les enfants jusqu&rsquo;\u00e0 12 ans, sur le th\u00e8me du Rallye du Paese Aiaccinu a \u00e9t\u00e9 organis\u00e9. Celui-ci \u00e9tait ouvert jusqu&rsquo;au 27 F\u00e9vrier. Tous les dessins des participants seront affich\u00e9s au parc, et ils seront tous r\u00e9compens\u00e9s par un cadeau.<br \/>\n<\/strong><\/p>\n<p><strong>Du c\u00f4t\u00e9 des engag\u00e9s, ils sont 94 au total \u00e0 avoir r\u00e9pondu pr\u00e9sent ; un score stable en rapport des deux derni\u00e8res \u00e9ditions.<br \/>\n<\/strong><\/p>\n<p><strong>En Moderne ils seront 60.<\/strong><\/p>\n<p><strong>En l&rsquo;absence du multiple vainqueur de l&rsquo;\u00e9preuve, Paul-Antoine Santoni, la lutte pour la gagne s&rsquo;annonce ouverte. Le jeune Battistu Ceccaldi, qui avait termin\u00e9 \u00e0 la seconde place du rallye de Balagne 2021, aura la faveur des pronostics. Face \u00e0 lui, de nombreux outsiders voudront jouer leur carte. Parmi eux, notons Pierre-Paul Baltolu, Jean-Jo Galeani, ou encore Jean-J\u00e9r\u00f4me (ce dernier s&rsquo;essayant pour la premi\u00e8re fois \u00e0 la Rally2). Pour leur rallye annuel, Jean-Luc Mezzacqui et Emile Poli tenteront d&rsquo;accrocher un beau r\u00e9sultat. <\/strong><\/p>\n<p><strong>Derri\u00e8re, la cat\u00e9gorie deux roues motrices sera tout aussi int\u00e9ressante \u00e0 suivre. Apr\u00e8s de nombreuses saisons au volant de R5\/Rally2, Tony Aguzzi s&rsquo;alignera sur une Clio Rally5, et animera certainement la course. Double vainqueur sur ce rallye de la cat\u00e9gorie VHC avec son Opel Kadett en 2015 et 2016, Jean-Philippe Martini s&rsquo;\u00e9lancera au volant d&rsquo;une 208 Rally4 ; sa derni\u00e8re exp\u00e9rience sur une auto de ce type remontant au Tour de Corse WRC 2019. Lui aussi sur une 208 Rally4, Paul Mariani sera \u00e9galement un client.<\/strong><\/p>\n<p><strong>En VHC ils seront 15 \u00e0 se pr\u00e9senter sur la ligne de d\u00e9part.<br \/>\n<\/strong><\/p>\n<p><strong>Vainqueur de l&rsquo;\u00e9dition 2019, et pour la premi\u00e8re fois au volant d&rsquo;une BMW M3, Paul De La Foata fera figure de favori. Face \u00e0 lui, Laurent Poggioli (Porsche 911 SC), Jean-Laurent Foni, et Nicolas Cesari (tout deux au volant de BMW 325i), voudront lui mener la vie dure. Les fr\u00e8res Gordon ne sont pas \u00e0 oublier avec \u00ab\u00a0la souflette\u00a0\u00bb (R5 GT Turbo).<br \/>\n<\/strong><\/p>\n<p><strong>En VHRS ils seront 13 au d\u00e9part.<br \/>\n<\/strong><\/p>\n<p><strong>Tony Avolio sera une nouvelle fois l&rsquo;homme \u00e0 battre, lui qui a remport\u00e9 les trois derni\u00e8re \u00e9ditions du rallye dans cette cat\u00e9gorie, et qui \u00e9volue \u00e0 domicile. Patrick Doddoli, vainqueur de la cat\u00e9gorie au dernier Mare e Machja, devrait \u00eatre son plus s\u00e9rieux adversaire.<br \/>\n<\/strong><\/p>\n<p><strong>En VMRS ils seront 6.<\/strong><\/p>\n<p><strong>Apr\u00e8s leur victoire au dernier rallye de Balagne, les fr\u00e8res Marie auront \u00e0 coeur de viser haut cette ann\u00e9e, au volant de la Hyundai<br \/>\n<\/strong><\/p>\n<p><strong>\u2014\u2014\u2014\u2014\u2014\u2014\u2014\u2014\u2014\u2014\u2014\u2014\u2014\u2014\u2014\u2014\u2014\u2014\u2014\u2014\u2014\u2014<\/strong><\/p>\n<p><strong><span style=\"color: #ff0000;\">Etape 1<\/span> \u2013 Vendredi 8 Mars<\/strong><\/p>\n<p><strong><span style=\"color: #0000ff;\">ES 1<\/span> : Capo (3,12 km) \/ <span style=\"color: #0000ff;\">20h58<\/span><\/strong><br \/>\n<strong><span style=\"color: #0000ff;\">ES 2<\/span> : Imp\u00e9riale (0,70 km) \/<span style=\"color: #0000ff;\"> 21h31<\/span><br \/>\n<\/strong><\/p>\n<p><strong><span style=\"color: #ff0000;\">Etape 2<\/span> \u2013 Samedi 9 Mars<br \/>\n<\/strong><\/p>\n<p><strong><span style=\"color: #0000ff;\">ES 3<\/span> : <\/strong><strong>Sarrola &#8211; Calcatoggio (17,11 km) \/ <span style=\"color: #0000ff;\">10h28<\/span><\/strong><br \/>\n<strong><span style=\"color: #0000ff;\">ES 4<\/span> : <\/strong><strong>Sarrola &#8211; Calcatoggio (17,11 km) \/ <span style=\"color: #0000ff;\">13h31<\/span><\/strong><\/p>\n<p><strong><span style=\"color: #ff0000;\">Etape 3<\/span> \u2013 Dimanche 10 Mars<br \/>\n<span style=\"color: #0000ff;\">ES 5<\/span> : Mezzana &#8211; Celavo (8,73 km) \/<span style=\"color: #0000ff;\"> 8h43<\/span><br \/>\n<span style=\"color: #0000ff;\">ES 6<\/span> : Cuttoli &#8211; Peri (12,95 km) \/ <span style=\"color: #0000ff;\">9h11<\/span><br \/>\n<span style=\"color: #0000ff;\">ES 7<\/span> : Mezzana &#8211; Celavo (8,73 km) \/ <span style=\"color: #0000ff;\">11h34<\/span><br \/>\n<span style=\"color: #0000ff;\">ES 8<\/span> : Cuttoli &#8211; Peri (12,95 km) \/ <span style=\"color: #0000ff;\">12h02<\/span><\/strong><\/p>\n<p>ngg_shortcode_1_placeholder<strong>\u2014\u2014\u2014\u2014\u2014\u2014\u2014\u2014\u2014\u2014\u2014\u2014\u2014\u2014\u2014\u2014\u2014\u2014\u2014\u2014\u2014\u2014<\/strong><\/p>\n<p><strong><strong>Suivez les temps du rallye en direct sur le site de LC Chrono :<\/strong><\/strong><\/p>\n<p><a href=\"http:\/\/lcchrono.com\/apps\/lives.php?year=2024\" target=\"_blank\" rel=\"noopener\"><strong>Direct &#8211; Moderne<\/strong><\/a><br \/>\n<a href=\"http:\/\/lcchrono.com\/apps\/lives.php?year=2024\" target=\"_blank\" rel=\"noopener\"><strong>Direct &#8211; VHC<\/strong><\/a><br \/>\n<a href=\"http:\/\/lcchrono.com\/apps\/lives.php?year=2024\" target=\"_blank\" rel=\"noopener\"><strong>Direct &#8211; VHRS<\/strong><\/a><br \/>\n<a href=\"http:\/\/lcchrono.com\/apps\/lives.php?year=2024\" target=\"_blank\" rel=\"noopener\"><strong>Direct &#8211; VMRS<\/strong><\/a><\/p>\n<p><strong>Les divers communiqu\u00e9s du rallye seront disponibles sur <a href=\"https:\/\/webapp.sportity.com\/channel\/CORSICA\/\" target=\"_blank\" rel=\"noopener\">Sportity<\/a><\/strong><\/p>\n<p><strong>\u2014\u2014\u2014\u2014\u2014\u2014\u2014\u2014\u2014\u2014\u2014\u2014\u2014\u2014\u2014\u2014\u2014\u2014\u2014\u2014\u2014\u2014<\/strong><\/p>\n<p><strong>Liste des engag\u00e9s<\/strong><\/p>\n<div>\nngg_shortcode_2_placeholder<\/p>\n<p><strong>\u2014\u2014\u2014\u2014\u2014\u2014\u2014\u2014\u2014\u2014\u2014\u2014\u2014\u2014\u2014\u2014\u2014\u2014\u2014\u2014\u2014\u2014<\/strong><\/div>\n<div>&nbsp;<\/div>\n<div><strong><span style=\"color: #ff0000;\">Palmar\u00e8s<\/span> :<\/strong><\/div>\n<p><strong><span style=\"color: #0000ff;\">Moderne<\/span> :<br \/>\n2023 : Santoni \/ Gordon \/ Andreucci<br \/>\n2022 : Santoni \/ Quessada \/ Serra<br \/>\n2021 : Leandri \/ Andreucci \/ Argenti<br \/>\n2019 : <\/strong><strong>Santoni \/ Leandri \/ Mignucci<\/strong><br \/>\n<strong>2018 : Santoni \/ Leandri \/ Gordon<\/strong><strong><br \/>\n<\/strong><\/p>\n<p><strong><span style=\"color: #0000ff;\">VHC<\/span> :<br \/>\n2023 : Ducos \/ Poggioli \/ Sias<br \/>\n2022 : Leandri F \/ Furlan \/ Poggioli<br \/>\n2021 : Agostini \/ Bikodoroff \/ Marcelli<br \/>\n2019 : De La Foata \/ Bonelli \/ Demay<\/strong><br \/>\n<strong>2018 : Marcelli \/ Torre \/ Martinetti<\/strong><strong><br \/>\n<\/strong><\/p>\n<p><strong><span style=\"color: #0000ff;\">VHRS<\/span> :<br \/>\n2023 : Avolio \/ Casanova \/ Rossini<br \/>\n2022 : Avolio \/ Seguier \/ Dodoli<br \/>\n2021 : Avolio \/ Ammannati \/ Piredda<br \/>\n2019 : Seguier \/ Ammannati \/ Lamour<\/strong><\/p>\n<p><strong><span style=\"color: #0000ff;\">VMRS<\/span> :<br \/>\n2023 : Bories \/ Lolivret \/ Vallee<br \/>\n2022 : Lolivret \/ Lucciardi \/ Marchasson<br \/>\n2021 : Lolivret<\/strong><\/p>\n","protected":false},"excerpt":{"rendered":"<p>Pour ce second rendez-vous du calendrier insulaire, cap au Sud, avec le Rallye di u Paese Aiaccinu.<\/p>\n","protected":false},"author":2,"featured_media":8027,"comment_status":"closed","ping_status":"closed","sticky":false,"template":"","format":"standard","meta":{"ngg_post_thumbnail":0,"footnotes":""},"categories":[14],"tags":[],"class_list":["post-8013","post","type-post","status-publish","format-standard","has-post-thumbnail","hentry","category-presentations-rallyes"],"_links":{"self":[{"href":"https:\/\/rallyecorse.com\/index.php\/wp-json\/wp\/v2\/posts\/8013","targetHints":{"allow":["GET"]}}],"collection":[{"href":"https:\/\/rallyecorse.com\/index.php\/wp-json\/wp\/v2\/posts"}],"about":[{"href":"https:\/\/rallyecorse.com\/index.php\/wp-json\/wp\/v2\/types\/post"}],"author":[{"embeddable":true,"href":"https:\/\/rallyecorse.com\/index.php\/wp-json\/wp\/v2\/users\/2"}],"replies":[{"embeddable":true,"href":"https:\/\/rallyecorse.com\/index.php\/wp-json\/wp\/v2\/comments?post=8013"}],"version-history":[{"count":33,"href":"https:\/\/rallyecorse.com\/index.php\/wp-json\/wp\/v2\/posts\/8013\/revisions"}],"predecessor-version":[{"id":8388,"href":"https:\/\/rallyecorse.com\/index.php\/wp-json\/wp\/v2\/posts\/8013\/revisions\/8388"}],"wp:featuredmedia":[{"embeddable":true,"href":"https:\/\/rallyecorse.com\/index.php\/wp-json\/wp\/v2\/media\/8027"}],"wp:attachment":[{"href":"https:\/\/rallyecorse.com\/index.php\/wp-json\/wp\/v2\/media?parent=8013"}],"wp:term":[{"taxonomy":"category","embeddable":true,"href":"https:\/\/rallyecorse.com\/index.php\/wp-json\/wp\/v2\/categories?post=8013"},{"taxonomy":"post_tag","embeddable":true,"href":"https:\/\/rallyecorse.com\/index.php\/wp-json\/wp\/v2\/tags?post=8013"}],"curies":[{"name":"wp","href":"https:\/\/api.w.org\/{rel}","templated":true}]}}