{"id":8133,"date":"2024-05-17T18:11:34","date_gmt":"2024-05-17T16:11:34","guid":{"rendered":"http:\/\/rallyecorse.com\/?p=8133"},"modified":"2024-05-20T19:49:34","modified_gmt":"2024-05-20T17:49:34","slug":"presentation-terre-daleria-2024","status":"publish","type":"post","link":"https:\/\/rallyecorse.com\/index.php\/2024\/05\/17\/presentation-terre-daleria-2024\/","title":{"rendered":"Pr\u00e9sentation \u2013 Terre d\u2019Aleria 2024"},"content":{"rendered":"<p><strong>Unique manche terre du calendrier insulaire, et comptant pour le Championnat de France de la discipline, le Terre d&rsquo;Aleria est de retour !<\/strong><\/p>\n<p>ngg_shortcode_0_placeholder<strong>Apr\u00e8s une premi\u00e8re \u00e9dition r\u00e9ussie, la manche insulaire du championnat de France confirme revient au calendrier pour sa seconde \u00e9dition.<\/strong><\/p>\n<p><strong>Initialement pr\u00e9vu du 30 Mai au 1er Juin, le rallye a finalement \u00e9t\u00e9 avanc\u00e9 d&rsquo;une semaine. Ce changement de dates permet ainsi aux organisateurs de ne pas se d\u00e9rouler aux m\u00eames dates que le rallye de Sardaigne WRC. Yohan Rossel sera ainsi en ouvreur en volant de la C3 Rally2, en pr\u00e9paration de la manche italienne.<\/strong><\/p>\n<p><strong>Le Terre d\u2019Aleria est la troisi\u00e8me manche du championnat de France, et comptera \u00e9galement pour le Clio Trophy Terre, et la Stellantis Motorsport Rally Cup. Comme l&rsquo;ann\u00e9e derni\u00e8re, les VHC seront en doublure.<br \/>\n<\/strong><\/p>\n<p><strong>Au niveau du parcours, nous serons proche de ce qui a \u00e9t\u00e9 fait l&rsquo;ann\u00e9e derni\u00e8re.<\/strong><\/p>\n<p><strong>Le rallye d\u00e9butera le Jeudi, avec un Shakedown identique \u00e0 2023, o\u00f9 les engag\u00e9s qui le souhaiteront pourront effectuer jusqu\u2019\u00e0 cinq passages maximum, entre 10h00 et 15h00.<\/strong><\/p>\n<p><strong>Le Vendredi, les pilotes effectueront deux boucles de trois sp\u00e9ciales. L&rsquo;ES 1-4 (Voie ferr\u00e9e &#8211; Pianiccia), et l&rsquo;ES 3-6 (Ch\u00e2teau de Pianiccia &#8211; Vonvon) sont identiques \u00e0 l&rsquo;ann\u00e9e derni\u00e8re. La nouveaut\u00e9 de la premi\u00e8re \u00e9tape r\u00e9sidera donc l&rsquo;ES 2-5 (Pianiccia &#8211; Casaperta).<br \/>\n<\/strong><\/p>\n<p><strong>Le Samedi, deux boucles de deux sp\u00e9ciales seront au programme, avec des chronos quasi identiques \u00e0 2023. L&rsquo;ES 7-9 (Les lunaries) est rallong\u00e9e de 4,8 km par rapport \u00e0 l&rsquo;an dernier. L&rsquo;ES 8-10 (L&rsquo;\u00e9curie) sera identique sur les deux premiers kilom\u00e8tres, avant d&rsquo;avoir de nouvelles portions, dont un saut qui devrait ravir les spectateurs !<\/strong><\/p>\n<p><strong>Au total, les concurrents affronteront un peu plus de 126 km de sp\u00e9ciales, soit l\u00e9g\u00e8rement plus que l&rsquo;an dernier.<\/strong><\/p>\n<p><strong>Ils sont 117 au total \u00e0 avoir r\u00e9pondu \u00e0 l&rsquo;appel. 103 en Moderne, et 14 en VHC.<\/strong><\/p>\n<p><strong>En Moderne ils seront 103, parmi lesquels il y aura 21 autos de la cat\u00e9gorie Rally2, et \u00e9galement 24 concurrents dans le Clio Trophy Terre, et 15 en Stellantis Motorsport Rally Cup<br \/>\n<\/strong><\/p>\n<p><strong>Les t\u00eates d\u2019affiche du championnat sont bien \u00e9videmment au rendez-vous. Mathieu Margaillan (Skoda Fabia), vainqueur du Terre d&rsquo;Aleria 2023, arrivera en position de leader du championnat. Il s&rsquo;est impos\u00e9 lors de la seconde manche du calendrier (Castine-Terre d&rsquo;Occitanie), et voudra doubl\u00e9 la mise sur le sol insulaire. Face \u00e0 lui, Florent Todeschini (Citro\u00ebn C3) voudra \u00e0 la fois faire oublier son abandon de l&rsquo;ann\u00e9e derni\u00e8re, alors qu&rsquo;il menait le rallye, mais \u00e9galement son mauvais r\u00e9sultat lors du dernier rallye, alors qu&rsquo;il avait remport\u00e9 la manche d&rsquo;ouverture du championnat apr\u00e8s une lutte acharn\u00e9e jusque dans l&rsquo;ultime sp\u00e9ciale. Apr\u00e8s deux podiums en autant de courses cette ann\u00e9e, Laurent Pellier (Hyundai i20) visera lui aussi la victoire. Derri\u00e8re ce trio de t\u00eate, Jean-S\u00e9bastien Vigion (Citro\u00ebn C3), deux fois quatri\u00e8me cette ann\u00e9e, tentera d&rsquo;accrocher son premier podium.<\/strong><\/p>\n<p><strong>Invit\u00e9 surprise, Julien Maurin, ancien double champion de France asphalte (2013 et 2014), sera de retour \u00e0 la comp\u00e9tition apr\u00e8s deux ans sans rouler. Lors de sa derni\u00e8re campagne en championnat terre en 2017 il avait notamment sign\u00e9 trois podiums, dont une victoire ; il sera donc \u00e0 surveiller !<br \/>\n<\/strong><\/p>\n<p><strong>Le champion de Belgique 2023, Maxime Potty, sera \u00e9galement de la partie. En pr\u00e9paration du rallye de Sardaigne, et dans la continuit\u00e9 de son programme terre hexagonal cette saison<\/strong><strong>.<\/strong><\/p>\n<p><strong>Du c\u00f4t\u00e9 des insulaires, deux pilotes pr\u00e9sentent davantage de chances de briller. Jean-Paul Villa, troisi\u00e8me l&rsquo;ann\u00e9e derni\u00e8re, esp\u00e8rera un nouveau beau r\u00e9sultat \u00e0 domicile. Henri Venturini, apr\u00e8s sa participation en Clio Rally3 l&rsquo;an dernier, \u00e9voluera sur une Fabia R5, avec forc\u00e9ment des pr\u00e9tentions \u00e0 la hausse. <\/strong><\/p>\n<p><strong>Actuel troisi\u00e8me du championnat wrc3, Matt\u00e9o Chatillon sera pr\u00e9sent au volant de la Clio Rally3, lui aussi en pr\u00e9paration de la Sardaigne. Il avait termin\u00e9 deuxi\u00e8me du Clio Trophy Terre en 2023. Il aura face \u00e0 lui Quentin Ribaud, surprenant quatri\u00e8me du Terre d&rsquo;Al\u00e9ria l&rsquo;ann\u00e9e derni\u00e8re, pour un beau duel en perspective.<\/strong><\/p>\n<p><strong>En Clio Trophy Terre, Tom Pellerey arrivera en position de force apr\u00e8s sa victoire lors de la premi\u00e8re manche, et sa seconde place lors de la manche suivante. Face \u00e0 lui, \u00ab\u00a0Faniry\u00a0\u00bb, Benjamin Boulenc, et \u00ab\u00a0Mika\u00a0\u00bb tenteront de ne pas le laisser s&rsquo;\u00e9chapper en t\u00eate de la Coupe.<\/strong><\/p>\n<p><strong>En Stellantis Motorsport Rally Cup, apr\u00e8s deux premi\u00e8res manches sur asphalte, les concurrents attaquent la partie terre. Julien Casale, et Pablo Sarrazin se pr\u00e9senteront en tant que co-leaders&#8230; et chacun voudra remporter sa premi\u00e8re victoire de la saison. Les premiers vainqueurs, Valentin Ascenzi et le danois Jacob Leutenberger Madsen, seront \u00e9galement pr\u00e9sents. Matteo Codaccioni, malheureux au Touquet, et deuxi\u00e8me au Charbonni\u00e8res, voudra se m\u00ealer \u00e0 la lutte en t\u00eate de la Coupe.<\/strong><\/p>\n<p><strong>En VHC ils seront 14 \u00e0 se pr\u00e9senter face au chrono, dont la moiti\u00e9 dans la cat\u00e9gorie J2. Eric Mallen (Lancia Delta), auteur de chronos qui le pla\u00e7aient sur le podium provisoire avant que la m\u00e9canique ne lui fasse d\u00e9faut sur l&rsquo;\u00e9dition 2023, aura une revanche \u00e0 prendre, surtout en l&rsquo;absence de Deveza et Beuzelin. Face \u00e0 lui, Nicolas Therond (Porsche 911), vice-champion de France des rallyes Terre en VHC en 2023, et qui vient de terminer second du Terre d&rsquo;Occitanie, visera \u00e9galement la gagne. Philippe Herran (Subaru Legacy), r\u00e9cent troisi\u00e8me de la cat\u00e9gorie au Terre d&rsquo;Occitanie, voudra lui aussi lui donner la r\u00e9plique. C\u00f4t\u00e9 pilotes insulaires, les espoirs reposeront sur Pierre Vivier (Lancia Delta).<\/strong><\/p>\n<p><strong>\u2014\u2014\u2014\u2014\u2014\u2014\u2014\u2014\u2014\u2014\u2014\u2014\u2014\u2014\u2014\u2014\u2014\u2014\u2014\u2014\u2014\u2014<\/strong><\/p>\n<p><strong><span style=\"color: #ff0000;\">Etape 1<\/span> \u2013 Vendredi 24 Mai<br \/>\n<\/strong><\/p>\n<p><strong><span style=\"color: #0000ff;\">ES 1<\/span> : Voie ferr\u00e9e Pianiccia (11,93 km) \/ <span style=\"color: #0000ff;\">11h11<\/span><br \/>\n<span style=\"color: #0000ff;\">ES 2<\/span> : Pianiccia &#8211; Casapertra (10,54 km) \/ <span style=\"color: #0000ff;\">11h40<\/span><br \/>\n<span style=\"color: #0000ff;\">ES 3<\/span> : Chateau de Pianiccia \u2013 Vonvon (11,18 km) \/ <span style=\"color: #0000ff;\">12h38<\/span><br \/>\n<span style=\"color: #0000ff;\">ES 4<\/span> : Voie ferr\u00e9e Pianiccia (11,93 km) \/<span style=\"color: #0000ff;\"> 15h53<\/span><br \/>\n<span style=\"color: #0000ff;\">ES 5<\/span> : Pianiccia &#8211; Casapertra (10,54 km) \/ <span style=\"color: #0000ff;\">16h22<\/span><br \/>\n<span style=\"color: #0000ff;\">ES 6<\/span> : Chateau de Pianiccia \u2013 Vonvon (11,18 km) \/ <span style=\"color: #0000ff;\">17h20<\/span><br \/>\n<\/strong><\/p>\n<p><strong><span style=\"color: #ff0000;\">Etape 2<\/span> \u2013 Samedi 25 Mai<br \/>\n<\/strong><\/p>\n<p><strong><span style=\"color: #0000ff;\">ES 7<\/span> : Les Lunaries (23,87 km) \/ <span style=\"color: #0000ff;\">10h15<\/span><br \/>\n<span style=\"color: #0000ff;\">ES 8<\/span> : L\u2019\u00e9curie (5,84 km) \/<span style=\"color: #0000ff;\"> 11h18<\/span><br \/>\n<span style=\"color: #0000ff;\">ES 9<\/span> : Les Lunaries (23,87 km) \/ <span style=\"color: #0000ff;\">14h28<\/span><br \/>\n<span style=\"color: #0000ff;\">ES 10<\/span> : L\u2019\u00e9curie (5,84 km) \/ <span style=\"color: #0000ff;\">15h31<\/span><\/strong><\/p>\n<p>ngg_shortcode_1_placeholder<strong>Suivez les temps du rallye en direct sur Chronolive, Sportity, et sur eWrc<\/strong><\/p>\n<p><strong>Sportity (<a href=\"https:\/\/webapp.sportity.com\/channel\/TERREDALERIA2024#\" target=\"_blank\" rel=\"noopener\">TERREDALERIA2024<\/a>)<\/strong><\/p>\n<p><a href=\"https:\/\/www.ewrc-results.com\/results\/86395-rallye-terre-daleria-2024\/\" target=\"_blank\" rel=\"noopener\"><strong>Direct \u2013 Modernes (ewrc)<\/strong><\/a><\/p>\n<p><a href=\"https:\/\/www.ewrc-results.com\/results\/86408-rallye-terre-daleria-vhc-2024\/\" target=\"_blank\" rel=\"noopener\"><strong>Direct \u2013 VHC (ewrc)<\/strong><\/a><\/p>\n<p><strong>\u2014\u2014\u2014\u2014\u2014\u2014\u2014\u2014\u2014\u2014\u2014\u2014\u2014\u2014\u2014\u2014\u2014\u2014\u2014\u2014\u2014\u2014<\/strong><\/p>\n<p>ngg_shortcode_2_placeholder<strong>\u2014\u2014\u2014\u2014\u2014\u2014\u2014\u2014\u2014\u2014\u2014\u2014\u2014\u2014\u2014\u2014\u2014\u2014\u2014\u2014\u2014\u2014<\/strong><\/p>\n<p><strong><span style=\"color: #ff0000;\">Palmar\u00e8s<\/span> :<\/strong><\/p>\n<p><strong><span style=\"color: #0000ff;\">Moderne<\/span> :<br \/>\n2023 : Margaillan \/ Franceschi J-B \/ Villa<br \/>\n<\/strong><\/p>\n<p><strong><span style=\"color: #0000ff;\">VHC<\/span> :<br \/>\n2023 : Deveza \/ Beuzelin \/ Bin Khalifa<br \/>\n<\/strong><\/p>\n","protected":false},"excerpt":{"rendered":"<p>Unique manche terre, et comptant pour le Championnat de France de la discipline, le Terre d&rsquo;Aleria est de retour !<\/p>\n","protected":false},"author":2,"featured_media":8158,"comment_status":"closed","ping_status":"closed","sticky":false,"template":"","format":"standard","meta":{"ngg_post_thumbnail":0,"footnotes":""},"categories":[14],"tags":[],"class_list":["post-8133","post","type-post","status-publish","format-standard","has-post-thumbnail","hentry","category-presentations-rallyes"],"_links":{"self":[{"href":"https:\/\/rallyecorse.com\/index.php\/wp-json\/wp\/v2\/posts\/8133","targetHints":{"allow":["GET"]}}],"collection":[{"href":"https:\/\/rallyecorse.com\/index.php\/wp-json\/wp\/v2\/posts"}],"about":[{"href":"https:\/\/rallyecorse.com\/index.php\/wp-json\/wp\/v2\/types\/post"}],"author":[{"embeddable":true,"href":"https:\/\/rallyecorse.com\/index.php\/wp-json\/wp\/v2\/users\/2"}],"replies":[{"embeddable":true,"href":"https:\/\/rallyecorse.com\/index.php\/wp-json\/wp\/v2\/comments?post=8133"}],"version-history":[{"count":13,"href":"https:\/\/rallyecorse.com\/index.php\/wp-json\/wp\/v2\/posts\/8133\/revisions"}],"predecessor-version":[{"id":8166,"href":"https:\/\/rallyecorse.com\/index.php\/wp-json\/wp\/v2\/posts\/8133\/revisions\/8166"}],"wp:featuredmedia":[{"embeddable":true,"href":"https:\/\/rallyecorse.com\/index.php\/wp-json\/wp\/v2\/media\/8158"}],"wp:attachment":[{"href":"https:\/\/rallyecorse.com\/index.php\/wp-json\/wp\/v2\/media?parent=8133"}],"wp:term":[{"taxonomy":"category","embeddable":true,"href":"https:\/\/rallyecorse.com\/index.php\/wp-json\/wp\/v2\/categories?post=8133"},{"taxonomy":"post_tag","embeddable":true,"href":"https:\/\/rallyecorse.com\/index.php\/wp-json\/wp\/v2\/tags?post=8133"}],"curies":[{"name":"wp","href":"https:\/\/api.w.org\/{rel}","templated":true}]}}