{"id":8289,"date":"2024-10-19T14:34:42","date_gmt":"2024-10-19T12:34:42","guid":{"rendered":"http:\/\/rallyecorse.com\/?p=8289"},"modified":"2024-10-27T11:50:38","modified_gmt":"2024-10-27T10:50:38","slug":"presentation-rallye-di-e-strade-vecchie-2024","status":"publish","type":"post","link":"https:\/\/rallyecorse.com\/index.php\/2024\/10\/19\/presentation-rallye-di-e-strade-vecchie-2024\/","title":{"rendered":"Pr\u00e9sentation : Rallye di e Strade Vecchie 2024"},"content":{"rendered":"<p><strong>Au milieu d&rsquo;un calendrier charg\u00e9 depuis la reprise de Septembre, le rallye di e Strade Vecchie est la seconde \u00e9preuve de l\u2019ASA Bastiaise.<\/strong><\/p>\n<p>ngg_shortcode_0_placeholder<strong>Dans la continuit\u00e9 du format utilis\u00e9 l&rsquo;ann\u00e9e derni\u00e8re, les organisateurs de l\u2019ASA Bastiaise propose \u00e0 nouveau un petit National concentr\u00e9 sur une seule journ\u00e9e.<\/strong><\/p>\n<p><strong>Le rallye se composera de trois sp\u00e9ciales \u00e0 parcourir \u00e0 deux reprises. Si le format est modifi\u00e9, en revanche le kilom\u00e9trage reste quasi identique (68 km de chrono en 2023 contre 72 km cette ann\u00e9e). Au niveau du trac\u00e9 on reprend les deux chronos de Querciolo-Silvarecciu, et Isolacciu-Figarettu, auquel vient s&rsquo;ajouter celui de Ghjucatoghju-Rumitoriu.<\/strong><\/p>\n<p><strong>Du c\u00f4t\u00e9 des engag\u00e9s, ils seront 71 en tout<\/strong><\/p>\n<p><strong>En Moderne, 53 \u00e9quipages seront pr\u00e9sents. Le duo Jean-Sylvestre Moracchini et Youness El Kadaoui remettra sa victoire en jeu, eux qui c&rsquo;\u00e9taient partag\u00e9s le volant au fil des sp\u00e9ciales. Face \u00e0 eux, un trio de pilote en Rally2 voudra leur contester la victoire : Pierre Soreda (4e en 2023), Mika\u00ebl Bousquet et Ange-Marie Damerval (qui rouleront tout les deux pour la premi\u00e8re fois sur ce type d&rsquo;auto). Yannick Rossi (3e de l&rsquo;\u00e9dition 2022) au volant de son Alpine RGT sera \u00e9galement \u00e0 surveiller.<\/strong><\/p>\n<p><strong>Parmi les outsiders, Renaud Santini sera le chef de fil avec une 208 Rally4. Hugo Micheli sera lui au volant d&rsquo;une 208 R2. Henry Baldrichi retrouvera le volant de sa Saxo, et les fr\u00e8res Nannucci seront pr\u00e9sents (Clio R3 pour Dum\u00e8, et Peugeot 205 pour Pierre-Marc). En constante progression avec sa Peugeot 208, Nico D&rsquo;Ulivo sera aussi \u00e0 surveiller. N&rsquo;oublions pas \u00e9galement Jean-Jo Galeani avec sa Mitsubishi Lancer.<\/strong><\/p>\n<p><strong>A noter, la pr\u00e9sence de Ghjuv\u00e0 Rossi, qui s&rsquo;octroie un rallye \u00e0 la maison avant sa derni\u00e8re \u00e9ch\u00e9ance en WRC-3 au Japon (22-24 Novembre).<\/strong><\/p>\n<p><strong>En VHC ils seront 7. Dum\u00e8 Pamart, vainqueur en titre, sera le favori au volant de sa BMW M3.<br \/>\n<\/strong><\/p>\n<p><strong>En VHRS ils seront 10. Double tenant du titre, Tony Avolio sera le grandissime favori, d&rsquo;autant plus que Seguier et Doddoli ne seront pas pr\u00e9sents. Attention tout de m\u00eame \u00e0 Vincent Mori, vainqueur en VMRS l&rsquo;ann\u00e9e derni\u00e8re, qui sera cette fois-ci en Historique.<br \/>\n<\/strong><\/p>\n<p><strong>En VMRS, seul Laurent Battaglini (alias \u00ab\u00a0Bomba la bomba\u00a0\u00bb) a r\u00e9pondu pr\u00e9sent.<br \/>\n<\/strong><\/p>\n<p><strong>&nbsp;\u2014\u2014\u2014\u2014\u2014\u2014\u2014\u2014\u2014\u2014\u2014\u2014\u2014\u2014\u2014\u2014\u2014\u2014\u2014\u2014\u2014\u2014<\/strong><\/p>\n<p><strong>Samedi 26 Octobre<br \/>\n<\/strong><\/p>\n<p><strong><span style=\"color: #0000ff;\">ES 1<\/span> : Querciolu \u2013 Silvarecciu (12,51 km) \/ <span style=\"color: #0000ff;\">8h34<\/span><br \/>\n<span style=\"color: #0000ff;\">ES 2<\/span> : Ghjucatoghju \u2013 Rumitoriu (13,70 km) \/ <span style=\"color: #0000ff;\">9h07<\/span><br \/>\n<\/strong><strong><span style=\"color: #0000ff;\">ES 3<\/span> : Tagliu Isolacciu \u2013 Figarettu (10,20 km) \/ <span style=\"color: #0000ff;\">9h40<\/span><\/strong><br \/>\n<strong><span style=\"color: #0000ff;\">ES 4<\/span> : Querciolu \u2013 Silvarecciu (12,51 km) \/ <span style=\"color: #0000ff;\">12h09<\/span><\/strong><br \/>\n<strong><span style=\"color: #0000ff;\">ES 5<\/span> : Ghjucatoghju \u2013 Rumitoriu (13,70 km) \/ <span style=\"color: #0000ff;\">12h42<\/span><br \/>\n<span style=\"color: #0000ff;\">ES 6<\/span> : Tagliu Isolacciu \u2013 Figarettu (10,20 km) \/<span style=\"color: #0000ff;\"> 13h15<\/span><br \/>\n<\/strong><\/p>\nngg_shortcode_1_placeholder\n<div>&nbsp;<\/div>\n<div id=\"ngg-gallery-e9486dca0f277871d8efb9884e8ad69d-1\" class=\"ngg-galleryoverview default-view \"><strong>Suivez les temps du rallye en direct sur le site de la FFSA :<\/strong><\/div>\n<p><a href=\"https:\/\/www.ffsa.org\/disciplines\/rallye\/3eme-rallye-di-e-strade-vecchie-2024-52751857\/live\" target=\"_blank\" rel=\"noopener\"><strong>Direct Moderne<\/strong><\/a><\/p>\n<p><strong><a href=\"https:\/\/www.ffsa.org\/disciplines\/rallye-vhc\/rallye-historique-di-e-strade-vecchie-2024-52751859\/live\" target=\"_blank\" rel=\"noopener\">Direct VHC<\/a><br \/>\n<\/strong><\/p>\n<p><a href=\"https:\/\/www.ffsa.org\/disciplines\/rallye-vhc\/rallye-historique-de-regularite-di-e-strade-vecchie-2024-52751861\/live\" target=\"_blank\" rel=\"noopener\"><strong>Direct VHRS<\/strong><\/a><\/p>\n<p><a href=\"https:\/\/www.ffsa.org\/disciplines\/rallye\/rallye-moderne-de-regularite-di-e-strade-vecchie-2024-52751863\/live\" target=\"_blank\" rel=\"noopener\"><strong>Direct VMRS<\/strong><\/a><\/p>\n<p><strong>\u2014\u2014\u2014\u2014\u2014\u2014\u2014\u2014\u2014\u2014\u2014\u2014\u2014\u2014\u2014\u2014\u2014\u2014\u2014\u2014\u2014\u2014<\/strong><\/p>\n<p><strong>Liste des engag\u00e9s Moderne, VHC, VHRS, et VMRS<br \/>\n<\/strong><\/p>\n<p>ngg_shortcode_2_placeholder<strong>\u2014\u2014\u2014\u2014\u2014\u2014\u2014\u2014\u2014\u2014\u2014\u2014\u2014\u2014\u2014\u2014\u2014\u2014\u2014\u2014\u2014\u2014<\/strong><\/p>\n<p><strong><span style=\"color: #ff0000;\">Palmar\u00e8s<\/span> :<\/strong><\/p>\n<p><strong><span style=\"color: #0000ff;\">Moderne<\/span> :<br \/>\n2023 : Moracchini J-S \/ Coppens \/ Agostini<br \/>\n2022 : Alerini \/ Gordon \/ Rossi Y<br \/>\n<\/strong><\/p>\n<p><strong><span style=\"color: #0000ff;\">VHC<\/span> :<br \/>\n2023 : Pamart \/ Mattei \/ Stachino<br \/>\n2022 : Lodovici \/ Cristini \/ Limongi<\/strong><\/p>\n<p><strong><span style=\"color: #0000ff;\">VHRS<\/span> :<br \/>\n2023 : Avolio \/ Seguier \/ Doddoli<br \/>\n2022 : Avolio \/ Seguier \/ Maistre<br \/>\n<\/strong><\/p>\n<p><strong><span style=\"color: #0000ff;\">VMRS<\/span> :<br \/>\n2023 : Mori \/ Millet<\/strong><\/p>\n","protected":false},"excerpt":{"rendered":"<p>Au milieu d&rsquo;un calendrier charg\u00e9 depuis la reprise de Septembre, le rallye di e Strade Vecchie est la seconde \u00e9preuve de l\u2019ASA Bastiaise.<\/p>\n","protected":false},"author":2,"featured_media":8291,"comment_status":"closed","ping_status":"closed","sticky":false,"template":"","format":"standard","meta":{"ngg_post_thumbnail":0,"footnotes":""},"categories":[14],"tags":[],"class_list":["post-8289","post","type-post","status-publish","format-standard","has-post-thumbnail","hentry","category-presentations-rallyes"],"_links":{"self":[{"href":"https:\/\/rallyecorse.com\/index.php\/wp-json\/wp\/v2\/posts\/8289","targetHints":{"allow":["GET"]}}],"collection":[{"href":"https:\/\/rallyecorse.com\/index.php\/wp-json\/wp\/v2\/posts"}],"about":[{"href":"https:\/\/rallyecorse.com\/index.php\/wp-json\/wp\/v2\/types\/post"}],"author":[{"embeddable":true,"href":"https:\/\/rallyecorse.com\/index.php\/wp-json\/wp\/v2\/users\/2"}],"replies":[{"embeddable":true,"href":"https:\/\/rallyecorse.com\/index.php\/wp-json\/wp\/v2\/comments?post=8289"}],"version-history":[{"count":13,"href":"https:\/\/rallyecorse.com\/index.php\/wp-json\/wp\/v2\/posts\/8289\/revisions"}],"predecessor-version":[{"id":8325,"href":"https:\/\/rallyecorse.com\/index.php\/wp-json\/wp\/v2\/posts\/8289\/revisions\/8325"}],"wp:featuredmedia":[{"embeddable":true,"href":"https:\/\/rallyecorse.com\/index.php\/wp-json\/wp\/v2\/media\/8291"}],"wp:attachment":[{"href":"https:\/\/rallyecorse.com\/index.php\/wp-json\/wp\/v2\/media?parent=8289"}],"wp:term":[{"taxonomy":"category","embeddable":true,"href":"https:\/\/rallyecorse.com\/index.php\/wp-json\/wp\/v2\/categories?post=8289"},{"taxonomy":"post_tag","embeddable":true,"href":"https:\/\/rallyecorse.com\/index.php\/wp-json\/wp\/v2\/tags?post=8289"}],"curies":[{"name":"wp","href":"https:\/\/api.w.org\/{rel}","templated":true}]}}