{"id":8417,"date":"2025-04-04T19:20:36","date_gmt":"2025-04-04T17:20:36","guid":{"rendered":"http:\/\/rallyecorse.com\/?p=8417"},"modified":"2025-04-04T19:32:47","modified_gmt":"2025-04-04T17:32:47","slug":"presentation-giraglia-2025","status":"publish","type":"post","link":"https:\/\/rallyecorse.com\/index.php\/2025\/04\/04\/presentation-giraglia-2025\/","title":{"rendered":"Pr\u00e9sentation &#8211; Giraglia 2025"},"content":{"rendered":"<p><strong>Apr\u00e8s l&rsquo;\u00e9preuve inaugurale ajaccienne<\/strong><strong>, retour en Haute-Corse avec l&rsquo;\u00e9preuve bastiaise de la saison et la Ronde de la Giraglia !<\/strong><\/p>\n<p>ngg_shortcode_0_placeholder<strong>L\u2019itin\u00e9raire 2025 est proche de celui de 2024, mais avec quelques modifications tout de m\u00eame.<br \/>\n<\/strong><\/p>\n<p><strong>Le Vendredi, les concurrents d\u00e9buteront par la sp\u00e9ciale nocturne entre le San Martino et Ville de Pietrabugno. Premier changement dans le parcours, avec une sp\u00e9ciale qui fait maintenant 5,7 km.<\/strong><\/p>\n<p><strong>L\u2019\u00e9tape du Samedi est compos\u00e9e de deux sp\u00e9ciales qui seront \u00e0 parcourir \u00e0 deux reprises. Les \u00e9quipages commenceront par la longue sp\u00e9ciale entre le Col de Sainte Lucie et Canari, puis enchaineront avec la sp\u00e9ciale entre Pino et Centuri. L&rsquo;itin\u00e9raire \u00e9volue donc sur le second chrono du jour, au croisement de Morsiglia, o\u00f9 il ne faudra plus prendre \u00e0 droite pour remonter sur Notre Dame des Graces, mais o\u00f9 il faudra continuer tout droit en direction de Centuri. Un secteur qui n&rsquo;avait plus \u00e9t\u00e9 visit\u00e9 depuis de nombreuses ann\u00e9es, et les \u00e9ditions Historique.<br \/>\n<\/strong><\/p>\n<p><strong>Le Dimanche, le chrono entre Macinaggio et Ersa reprendra son ancien itin\u00e9raire, en ne prenant donc pas la route de Rogliano. L&rsquo;enrob\u00e9 ayant \u00e9t\u00e9 refait, les meilleurs temps sur cette sp\u00e9ciale vont tomber ! Seconde sp\u00e9ciale de cette journ\u00e9e du Dimanche, Morsiglia \u2013 Pont de Luri.<\/strong><\/p>\n<p><strong>Du c\u00f4t\u00e9 des engag\u00e9s, ils seront 96 au total \u00e0 se pr\u00e9senter sur la ligne de d\u00e9part.<\/strong><\/p>\n<p><strong>Avec 73 engag\u00e9s en \u201cModerne\u201d,<br \/>\n<\/strong><\/p>\n<p><strong>Apr\u00e8s sa participation en 2022, le Champion de France des rallyes 2024, L\u00e9o Rossel (C3 Rally2) sera une nouvelle fois au d\u00e9part, et fera partie des favoris l\u00e9gitimes. Face \u00e0 lui, le double vainqueur (2021 et 2023) Hugo Micheli (Fabia Rally2) devrait \u00eatre son principal adversaire.<\/strong><\/p>\n<p><strong>Il ne faudra toutefois pas mettre de c\u00f4t\u00e9 le vainqueur en titre, Guillaume Santini (Fabia Rally2), tout comme <\/strong><strong>Fran\u00e7ois-Xavier Moracchini (VW Polo), qui s&rsquo;exporte pour la premi\u00e8re fois dans le Cap.<\/strong><\/p>\n<p><strong>Parmi les autres Rally2, Dominique Bianco, et Mikael Bousquet seront des outsiders \u00e0 surveiller.<\/strong><\/p>\n<p><strong>Ghjuv\u00e0 Rossi, sera pr\u00e9sent au volant de la Fiesta Rally3, en guise de test grandeur nature avant le rallye des Iles Canaries, dans le cadre de son programme en WRC-3. Lucas Valliccioni, dans la foul\u00e9e de sa participation au Terre des Causses sera lui pr\u00e9sent au volant de la Clio Rally5.<\/strong><\/p>\n<p><strong>En FRGT, Christophe Casanova, qui \u00e9tait en ouvreur au Pays Ajaccien le mois dernier, a la faveur des pronostics.<\/strong><\/p>\n<p><strong>Parmi les voitures atypiques, notons la pr\u00e9sence des Agostini (p\u00e8re et fils) avec une Fabia s2000 (cat\u00e9gorie d\u00e9laiss\u00e9e au profit des R5\/Rally2 depuis de nombreuses ann\u00e9es), mais aussi de Laurent Coubard avec son originale Toyota MR2.<\/strong><\/p>\n<p><strong>Du c\u00f4t\u00e9 des VHC ils seront 9 engag\u00e9s.<\/strong><\/p>\n<p><strong>Vainqueur \u00e0 8 reprises en cat\u00e9gorie Moderne (dont lors de sa derni\u00e8re participation en 2018), Pascal Trojani sera pr\u00e9sent au volant d&rsquo;une BMW M3. Il aura face \u00e0 lui le vainqueur sortant, Jean-Fran\u00e7ois Santini (Porsche 911). Egalement au volant d&rsquo;une BMW M3, Philippe Giovanni sera \u00e0 surveiller, tout comme Bruno Milanini et sa R11 Turbo.<\/strong><\/p>\n<p><strong>En VHRS ils seront 11 engag\u00e9s. <\/strong><strong>Triple vainqueur (2019, 2020, et 2023), Franck Braquet sera le favori.<\/strong><\/p>\n<p><strong>En VMRS ils seront 3 engag\u00e9s. Sauveur Sisco aura l&rsquo;avantage de l&rsquo;exp\u00e9rience.<\/strong><\/p>\n<p><strong>\u2014\u2014\u2014\u2014\u2014\u2014\u2014\u2014\u2014\u2014\u2014\u2014\u2014\u2014\u2014\u2014\u2014\u2014\u2014\u2014\u2014\u2014<\/strong><\/p>\n<p><strong><span style=\"color: #ff0000;\">Etape 1<\/span> \u2013 Vendredi 11 Avril<br \/>\n<\/strong><\/p>\n<p><strong><span style=\"color: #0000ff;\">ES 1<\/span> : San Martino \u2013 Ville de Pietrabugno (5,70 km) \/<span style=\"color: #0000ff;\"> 21h23<\/span><\/strong><\/p>\n<p><strong><span style=\"color: #ff0000;\">Etape 2<\/span> \u2013 Samedi 12 Avril<br \/>\n<\/strong><\/p>\n<p><strong><span style=\"color: #0000ff;\">ES 2<\/span> : Col de Sainte Lucie \u2013 Canari (20,73 km) \/ <span style=\"color: #0000ff;\">10h13<\/span><br \/>\n<span style=\"color: #0000ff;\">ES 3<\/span> : Pino \u2013 Centuri (12,64 km) \/ <span style=\"color: #0000ff;\">11h11<\/span><br \/>\n<span style=\"color: #0000ff;\">ES 4<\/span> : Col de Sainte Lucie \u2013 Canari (20,73 km) \/ <span style=\"color: #0000ff;\">14h04<\/span><br \/>\n<span style=\"color: #0000ff;\">ES 5<\/span> : Pino \u2013 Centuri (12,64 km) \/ <span style=\"color: #0000ff;\">15h02<\/span><\/strong><\/p>\n<p><strong><span style=\"color: #ff0000;\">Etape 3<\/span> \u2013 Dimanche 13 Avril<br \/>\n<\/strong><\/p>\n<p><strong><span style=\"color: #0000ff;\">ES 6<\/span> : Macinaggio \u2013 Ersa (9,67 km) \/ <span style=\"color: #0000ff;\">8h38<\/span><br \/>\n<span style=\"color: #0000ff;\">ES 7<\/span> : Morsiglia \u2013 Pont de Luri (19,09 km) \/<span style=\"color: #0000ff;\"> 9h11<\/span><br \/>\n<span style=\"color: #0000ff;\">ES 8<\/span> : Macinaggio \u2013 Ersa (9,67 km) \/ <span style=\"color: #0000ff;\">11h29<\/span><br \/>\n<span style=\"color: #0000ff;\">ES 9<\/span> : Morsiglia \u2013 Pont de Luri (19,43 km) \/ <span style=\"color: #0000ff;\">12h02<\/span><br \/>\n<\/strong><\/p>\n<p>ngg_shortcode_1_placeholder<strong>Suivez les temps du rallye en direct sur<\/strong><strong> le site de la FFSA (et le panneau d&rsquo;affichage du rallye sur <a href=\"https:\/\/webapp.sportity.com\/channel\/GIRAGLIA2024\/\" target=\"_blank\" rel=\"noopener\">Sportity<\/a>) :<br \/>\n<\/strong><\/p>\n<p><strong>Direct \u2013 Modernes (lien \u00e0 venir)<\/strong><em><br \/>\n<\/em><\/p>\n<p><strong>Direct \u2013 VHC (lien \u00e0 venir)<br \/>\n<\/strong><\/p>\n<p><strong>Direct \u2013 VHRS (lien \u00e0 venir)<\/strong><em><br \/>\n<\/em><\/p>\n<p><strong>Direct \u2013 VMRS (lien \u00e0 venir)<br \/>\n<\/strong><\/p>\n<p><strong>\u2014\u2014\u2014\u2014\u2014\u2014\u2014\u2014\u2014\u2014\u2014\u2014\u2014\u2014\u2014\u2014\u2014\u2014\u2014\u2014\u2014\u2014<\/strong><\/p>\n<p><strong>Liste des engag\u00e9s Moderne \/ VHC \/ VHRS \/ VMRS<br \/>\n<\/strong><\/p>\n<p>ngg_shortcode_2_placeholder<strong>\u2014\u2014\u2014\u2014\u2014\u2014\u2014\u2014\u2014\u2014\u2014\u2014\u2014\u2014\u2014\u2014\u2014\u2014\u2014\u2014\u2014\u2014<\/strong><\/p>\n<p><strong><span style=\"color: #ff0000;\">Palmar\u00e8s<\/span> :<\/strong><\/p>\n<p><strong><span style=\"color: #0000ff;\">Moderne<\/span> :<br \/>\n2024 : Santini G \/ Bianco \/ Rossi Y<br \/>\n2023 : Micheli H \/ Manzagol JM \/ Franceschi<br \/>\n2022 : Manzagol JM \/ Rossel \/ Reydellet<br \/>\n2021 : Micheli H \/ Succi \/ Argenti<br \/>\n2020 : Manzagol JM \/ Alerini \/ Santini<\/strong><\/p>\n<p><strong>Record de victoires sur l\u2019\u00e9preuve :<\/strong> <strong>Jean-Pierre Manzagol (14)<\/strong><\/p>\n<p><strong><span style=\"color: #0000ff;\">VHC<\/span> :<br \/>\n2024 : Santini J-F \/ Gaffory \/ Fangeaud<br \/>\n2023 : Mattei \/ Perlino \/ Bonelli<br \/>\n2022 : Antonini \/ Sassolas \/ Perraud<br \/>\n2021 : Antonini \/ Rognoni \/ Sassolas<br \/>\n2020 : Valliccioni \/ Marchetti \/ De Gentili<\/strong><\/p>\n<p><strong><span style=\"color: #0000ff;\">VHRS<\/span> :<br \/>\n2024 : Avolio \/ Padovani \/ Valceschini<br \/>\n2023 : Braquet \/ Seguier \/ Laurenti<br \/>\n2022 : Seguier \/ Braquet \/ Ceccato<br \/>\n2021 : Avolio \/ Braquet \/ Saoletti<br \/>\n2020 : Braquet \/ Ceccato \/ Seguier<\/strong><strong><br \/>\n<\/strong><\/p>\n<p><strong><span style=\"color: #0000ff;\">VMRS<\/span> :<br \/>\n2024 : Bert \/ Sisco<br \/>\n2023 : Bert \/ Gehel<\/strong><br \/>\n<strong>2022 : Bert<\/strong><\/p>\n","protected":false},"excerpt":{"rendered":"<p>Apr\u00e8s l&rsquo;\u00e9preuve inaugurale ajaccienne, retour en Haute-Corse avec l&rsquo;\u00e9preuve bastiaise de la saison et la Ronde de la Giraglia !<\/p>\n","protected":false},"author":2,"featured_media":8446,"comment_status":"closed","ping_status":"closed","sticky":false,"template":"","format":"standard","meta":{"ngg_post_thumbnail":0,"footnotes":""},"categories":[14],"tags":[],"class_list":["post-8417","post","type-post","status-publish","format-standard","has-post-thumbnail","hentry","category-presentations-rallyes"],"_links":{"self":[{"href":"https:\/\/rallyecorse.com\/index.php\/wp-json\/wp\/v2\/posts\/8417","targetHints":{"allow":["GET"]}}],"collection":[{"href":"https:\/\/rallyecorse.com\/index.php\/wp-json\/wp\/v2\/posts"}],"about":[{"href":"https:\/\/rallyecorse.com\/index.php\/wp-json\/wp\/v2\/types\/post"}],"author":[{"embeddable":true,"href":"https:\/\/rallyecorse.com\/index.php\/wp-json\/wp\/v2\/users\/2"}],"replies":[{"embeddable":true,"href":"https:\/\/rallyecorse.com\/index.php\/wp-json\/wp\/v2\/comments?post=8417"}],"version-history":[{"count":11,"href":"https:\/\/rallyecorse.com\/index.php\/wp-json\/wp\/v2\/posts\/8417\/revisions"}],"predecessor-version":[{"id":8447,"href":"https:\/\/rallyecorse.com\/index.php\/wp-json\/wp\/v2\/posts\/8417\/revisions\/8447"}],"wp:featuredmedia":[{"embeddable":true,"href":"https:\/\/rallyecorse.com\/index.php\/wp-json\/wp\/v2\/media\/8446"}],"wp:attachment":[{"href":"https:\/\/rallyecorse.com\/index.php\/wp-json\/wp\/v2\/media?parent=8417"}],"wp:term":[{"taxonomy":"category","embeddable":true,"href":"https:\/\/rallyecorse.com\/index.php\/wp-json\/wp\/v2\/categories?post=8417"},{"taxonomy":"post_tag","embeddable":true,"href":"https:\/\/rallyecorse.com\/index.php\/wp-json\/wp\/v2\/tags?post=8417"}],"curies":[{"name":"wp","href":"https:\/\/api.w.org\/{rel}","templated":true}]}}